{"id":31080,"date":"2020-01-18T20:10:09","date_gmt":"2020-01-18T19:10:09","guid":{"rendered":"http:\/\/www.welonimuszka.pl\/?p=31080"},"modified":"2020-01-21T10:11:31","modified_gmt":"2020-01-21T09:11:31","slug":"anna-kara-odwazna-i-romantyczna","status":"publish","type":"post","link":"http:\/\/www.welonimuszka.pl\/?p=31080","title":{"rendered":"Odwa\u017cna i Romantyczna"},"content":{"rendered":"<p>[et_pb_section fb_built=&#8221;1&#8243; specialty=&#8221;on&#8221; padding_top_bottom_link_1=&#8221;false&#8221; padding_left_right_link_1=&#8221;false&#8221; padding_top_1=&#8221;80px&#8221; _builder_version=&#8221;4.2.1&#8243; custom_padding=&#8221;3px|||||&#8221; hover_enabled=&#8221;0&#8243;][et_pb_column type=&#8221;2_3&#8243; specialty_columns=&#8221;2&#8243; _builder_version=&#8221;3.25&#8243; custom_padding=&#8221;|||&#8221; custom_padding__hover=&#8221;|||&#8221;][et_pb_row_inner _builder_version=&#8221;4.2.1&#8243; custom_margin=&#8221;-90px||||false|false&#8221;][et_pb_column_inner saved_specialty_column_type=&#8221;2_3&#8243; _builder_version=&#8221;3.27.3&#8243;][et_pb_post_title meta=&#8221;off&#8221; featured_image=&#8221;off&#8221; _builder_version=&#8221;4.2.1&#8243; title_level=&#8221;h2&#8243; title_font=&#8221;Montserrat|700|||||||&#8221; title_text_color=&#8221;#000000&#8243; title_font_size=&#8221;64px&#8221; title_line_height=&#8221;1.2em&#8221; hover_enabled=&#8221;0&#8243; title_font_size_tablet=&#8221;50px&#8221; title_font_size_phone=&#8221;24px&#8221; title_font_size_last_edited=&#8221;on|desktop&#8221; locked=&#8221;off&#8221;][\/et_pb_post_title][\/et_pb_column_inner][\/et_pb_row_inner][et_pb_row_inner column_structure=&#8221;1_2,1_2&#8243; _builder_version=&#8221;3.27.3&#8243;][et_pb_column_inner type=&#8221;1_2&#8243; saved_specialty_column_type=&#8221;2_3&#8243; _builder_version=&#8221;3.27.3&#8243;][et_pb_text _builder_version=&#8221;3.27.4&#8243; text_line_height=&#8221;1.8em&#8221; max_width=&#8221;600px&#8221; module_alignment=&#8221;center&#8221; locked=&#8221;off&#8221;]<\/p>\n<p><strong>Ca\u0142kowicie nowa kombinacja odwa\u017cnych kroj\u00f3w i lekkich, zmys\u0142owych sylwetek \u0142\u0105czy si\u0119 z charakterystycznym dla projektantki nowoczesnym romantyzmem. Sezon 2020 obejmuje g\u0142\u0119bokie dekolty, d\u0142ugie rozci\u0119cia i transparentne, wielowarstwowe kompozycje tkanin.<\/strong><\/p>\n<p><strong><\/strong><\/p>\n<p><em>Fot. &amp; tekst: Anna Kara<\/em><strong><\/strong><\/p>\n<p><strong><\/strong><\/p>\n<p>[\/et_pb_text][\/et_pb_column_inner][et_pb_column_inner type=&#8221;1_2&#8243; saved_specialty_column_type=&#8221;2_3&#8243; _builder_version=&#8221;3.27.3&#8243;][et_pb_image src=&#8221;http:\/\/www.welonimuszka.pl\/wp-content\/uploads\/2020\/01\/0_500d31a94abfd91ee3362725c0372039_900_900_0.jpg&#8221; _builder_version=&#8221;4.2.1&#8243;][\/et_pb_image][\/et_pb_column_inner][\/et_pb_row_inner][\/et_pb_column][et_pb_column type=&#8221;1_3&#8243; _builder_version=&#8221;3.25&#8243; custom_padding=&#8221;|||&#8221; custom_padding__hover=&#8221;|||&#8221;][et_pb_image src=&#8221;http:\/\/www.welonimuszka.pl\/wp-content\/uploads\/2020\/01\/0_a5cb862b1f0eb690c1eeffb873f2b503_900_900_0.jpg&#8221; force_fullwidth=&#8221;on&#8221; _builder_version=&#8221;4.2.1&#8243; custom_margin=&#8221;|-9vw|||false|false&#8221;][\/et_pb_image][\/et_pb_column][\/et_pb_section][et_pb_section fb_built=&#8221;1&#8243; admin_label=&#8221;Testimonials&#8221; _builder_version=&#8221;4.2.1&#8243; use_background_color_gradient=&#8221;on&#8221; background_color_gradient_start=&#8221;#ffffff&#8221; background_color_gradient_end=&#8221;#4b89bc&#8221; background_color_gradient_direction=&#8221;90deg&#8221; background_color_gradient_start_position=&#8221;70%&#8221; background_color_gradient_end_position=&#8221;0%&#8221; custom_padding=&#8221;0px||3px|||&#8221; hover_enabled=&#8221;0&#8243; background_last_edited=&#8221;on|phone&#8221; background_color_gradient_end_phone=&#8221;rgba(0,0,0,0)&#8221; background_color_gradient_start_position_phone=&#8221;95%&#8221; locked=&#8221;off&#8221;][et_pb_row _builder_version=&#8221;3.27.3&#8243; max_width=&#8221;900px&#8221; hover_enabled=&#8221;0&#8243;][et_pb_column type=&#8221;4_4&#8243; _builder_version=&#8221;3.26.6&#8243;][et_pb_text _builder_version=&#8221;3.27.4&#8243; text_font=&#8221;Cardo||||||||&#8221; text_text_color=&#8221;#2a2a2a&#8221; text_font_size=&#8221;42px&#8221; text_line_height=&#8221;1.4em&#8221; text_font_size_tablet=&#8221;36px&#8221; text_font_size_phone=&#8221;24px&#8221; text_font_size_last_edited=&#8221;on|desktop&#8221;]<\/p>\n<p><strong>Wyrazista i sensualna. Kolekcja 2020 to \u015bwi\u0119to romansu i celebracja \u017cycia przepe\u0142nionego ulotnym pi\u0119knem.\u00a0<\/strong><\/p>\n<p>[\/et_pb_text][et_pb_text _builder_version=&#8221;3.27.4&#8243; text_line_height=&#8221;1.8em&#8221; max_width=&#8221;600px&#8221; locked=&#8221;off&#8221;]<\/p>\n<p>Wraz z kolekcj\u0105 2020 Anna Kara wprowadza zaskakuj\u0105ce po\u0142\u0105czenia \u015bmia\u0142ych konstrukcji i\u00a0finezyjnych materia\u0142\u00f3w. Unikalne, r\u0119cznie naszywane detale, elementy haute couture i kwiatowe motywy uzupe\u0142niaj\u0105 nowoczesn\u0105 wizj\u0119 projektantki. Klasyczn\u0105 biel zmi\u0119kczaj\u0105 odcienie cielistego be\u017cu i ko\u015bci s\u0142oniowej. Ca\u0142o\u015bci dope\u0142niaj\u0105 tiulowe treny i ultra lekkie sp\u00f3dnice. Mocniejszy charakter sukien podkre\u015bla cechy wsp\u00f3\u0142czesnej Panny M\u0142odej \u2013 kobiety o wielu obliczach, silnej i\u00a0zdecydowanej, w\u00a0pe\u0142ni akceptuj\u0105cej siebie, a jednocze\u015bnie wra\u017cliwej i romantycznej.<span style=\"font-size: 16px;\">\u00a0<\/span><\/p>\n<p><span style=\"font-size: 16px;\"><\/span><\/p>\n<p><span style=\"font-size: 16px;\"><\/span><\/p>\n<p>[\/et_pb_text][\/et_pb_column][\/et_pb_row][et_pb_row _builder_version=&#8221;4.2.1&#8243;][et_pb_column type=&#8221;4_4&#8243; _builder_version=&#8221;4.2.1&#8243;][et_pb_image src=&#8221;http:\/\/www.welonimuszka.pl\/wp-content\/uploads\/2020\/01\/0_50d769bfcfed2d2a5bbd2ba0c490dd11_900_900_0.jpg&#8221; _builder_version=&#8221;4.2.1&#8243;][\/et_pb_image][\/et_pb_column][\/et_pb_row][\/et_pb_section][et_pb_section fb_built=&#8221;1&#8243; admin_label=&#8221;Images&#8221; _builder_version=&#8221;3.26.6&#8243;][et_pb_row column_structure=&#8221;1_4,1_2,1_4&#8243; use_custom_gutter=&#8221;on&#8221; _builder_version=&#8221;3.26.6&#8243; width=&#8221;100%&#8221; max_width=&#8221;100%&#8221; module_alignment=&#8221;right&#8221; custom_margin=&#8221;||50px||false|false&#8221;][et_pb_column type=&#8221;1_4&#8243; _builder_version=&#8221;3.26.6&#8243;][et_pb_text _builder_version=&#8221;4.2.1&#8243;]<\/p>\n<p><strong>Od nowoczesnych, odwa\u017cnych kroj\u00f3w po klasyczne sylwetki, Anna Kara po raz kolejny stworzy\u0142a ponadczasow\u0105 kolekcj\u0119, kt\u00f3ra emanuje delikatno\u015bci\u0105, subtelno\u015bci\u0105 i kobiec\u0105 zmys\u0142owo\u015bci\u0105.<\/strong><\/p>\n<p>[\/et_pb_text][\/et_pb_column][et_pb_column type=&#8221;1_2&#8243; _builder_version=&#8221;3.26.6&#8243;][et_pb_image src=&#8221;http:\/\/www.welonimuszka.pl\/wp-content\/uploads\/2020\/01\/0_80e4a7574ff4ae95830b049367a7afe2_900_900_0.jpg&#8221; _builder_version=&#8221;4.2.1&#8243;][\/et_pb_image][\/et_pb_column][et_pb_column type=&#8221;1_4&#8243; _builder_version=&#8221;3.26.6&#8243; custom_padding=&#8221;300px||||false|false&#8221; custom_padding_tablet=&#8221;0px||||false|false&#8221; custom_padding_phone=&#8221;&#8221; custom_padding_last_edited=&#8221;on|desktop&#8221;][et_pb_image src=&#8221;http:\/\/www.welonimuszka.pl\/wp-content\/uploads\/2020\/01\/0_8e1daca09044d50a5eb68477993851ed_900_900_0.jpg&#8221; _builder_version=&#8221;4.2.1&#8243;][\/et_pb_image][\/et_pb_column][\/et_pb_row][et_pb_row column_structure=&#8221;1_2,1_2&#8243; _builder_version=&#8221;3.26.6&#8243; custom_margin=&#8221;||50px||false|false&#8221;][et_pb_column type=&#8221;1_2&#8243; _builder_version=&#8221;3.26.6&#8243;][et_pb_text _builder_version=&#8221;3.27.4&#8243; text_line_height=&#8221;1.8em&#8221;]<\/p>\n<p>Anna Kara wykorzystuje obszern\u0105 gam\u0119 koronek, jedwabiu i tiulu tworz\u0105c misterne, wielow\u0105tkowe kompozycje, kt\u00f3re p\u0142ynnie \u0142\u0105cz\u0105 si\u0119 w subtelnym ruchu tkanin. W efekcie powstaj\u0105 bogato zdobione, a\u00a0jednocze\u015bnie eteryczne suknie, idealnie dopasowane do kobiecej sylwetki. Ka\u017cda z nich jest niepowtarzalna, tworzona indywidualnie przez zesp\u00f3\u0142 wykwalifikowanych rzemie\u015blnik\u00f3w.<\/p>\n<p>[\/et_pb_text][\/et_pb_column][et_pb_column type=&#8221;1_2&#8243; _builder_version=&#8221;3.26.6&#8243;][et_pb_text _builder_version=&#8221;3.27.4&#8243; text_line_height=&#8221;1.8em&#8221; locked=&#8221;off&#8221;]<\/p>\n<p>\u00a0Po\u0142udniowy klimat dekadenckiej dzielnicy Alfama, magia lizbo\u0144skich ogrod\u00f3w i nieprzerwana zmienno\u015b\u0107 oceanu wsp\u00f3\u0142graj\u0105 z filozofi\u0105 projektantki, aby \u017cy\u0107 chwil\u0105 i \u015bmia\u0142o pod\u0105\u017ca\u0107 za pragnieniami. Od nowoczesnych, odwa\u017cnych kroj\u00f3w po klasyczne sylwetki, Anna Kara po raz kolejny stworzy\u0142a ponadczasow\u0105 kolekcj\u0119, kt\u00f3ra emanuje delikatno\u015bci\u0105, subtelno\u015bci\u0105 i kobiec\u0105 zmys\u0142owo\u015bci\u0105.<\/p>\n<p>[\/et_pb_text][\/et_pb_column][\/et_pb_row][et_pb_row use_custom_gutter=&#8221;on&#8221; _builder_version=&#8221;4.2.1&#8243; width=&#8221;100%&#8221; max_width=&#8221;1334%&#8221; module_alignment=&#8221;left&#8221;][et_pb_column type=&#8221;4_4&#8243; _builder_version=&#8221;3.26.6&#8243;][et_pb_image src=&#8221;http:\/\/www.welonimuszka.pl\/wp-content\/uploads\/2020\/01\/0_2dac500f0c5210eea94155c98b922a1f_900_900_0.jpg&#8221; force_fullwidth=&#8221;on&#8221; _builder_version=&#8221;4.2.1&#8243;][\/et_pb_image][et_pb_image src=&#8221;http:\/\/www.welonimuszka.pl\/wp-content\/uploads\/2020\/01\/0_bce6d2a7c3460b7061d560c17dc93de9_900_900_0.jpg&#8221; force_fullwidth=&#8221;on&#8221; _builder_version=&#8221;4.2.1&#8243; custom_margin=&#8221;50px||||false|false&#8221;][\/et_pb_image][\/et_pb_column][\/et_pb_row][et_pb_row column_structure=&#8221;2_3,1_3&#8243; _builder_version=&#8221;3.26.6&#8243; custom_margin=&#8221;50px||||false|false&#8221;][et_pb_column type=&#8221;2_3&#8243; _builder_version=&#8221;3.26.6&#8243;][et_pb_text _builder_version=&#8221;3.27.4&#8243; text_line_height=&#8221;1.8em&#8221; max_width=&#8221;500px&#8221; module_alignment=&#8221;center&#8221; hover_enabled=&#8221;0&#8243;]<\/p>\n<p>Motyw przewodni kolekcji 2020 to celebracja pi\u0119kna i ulotnych chwil, inspirowana impresj\u0105, nieustaj\u0105c\u0105 gr\u0105 \u015bwiate\u0142, kt\u00f3ra uwodzi tajemnic\u0105 na tle sk\u0105panej w s\u0142o\u0144cu Portugalii. Po\u0142udniowy klimat dekadenckiej dzielnicy Alfama, magia lizbo\u0144skich ogrod\u00f3w i nieprzerwana zmienno\u015b\u0107 oceanu wsp\u00f3\u0142graj\u0105 z filozofi\u0105 projektantki, aby \u017cy\u0107 chwil\u0105 i \u015bmia\u0142o pod\u0105\u017ca\u0107 za pragnieniami.<\/p>\n<p>[\/et_pb_text][et_pb_text _builder_version=&#8221;4.2.1&#8243; text_line_height=&#8221;1.8em&#8221; max_width=&#8221;500px&#8221; module_alignment=&#8221;center&#8221; hover_enabled=&#8221;0&#8243;]<\/p>\n<p><span style=\"font-size: 16px;\">&#8212;<\/span><\/p>\n<p><em><strong>ANNA KARA<\/strong> \u2013 urodzona w Krakowie, polska projektantka sukien \u015blubnych. Rozpoczynaj\u0105c swoj\u0105 dzia\u0142alno\u015b\u0107 w 2007 roku, w zaledwie kilka lat stworzy\u0142a jedn\u0105 z najbardziej po\u017c\u0105danych marek na europejskim rynku mody \u015blubnej. Jej \u015bwie\u017ce spojrzenie i szczeg\u00f3lne poczucie estetyki szybko zosta\u0142o uznane przez czo\u0142owe wydawnictwa i Panny M\u0142ode na ca\u0142ym \u015bwiecie. Anna Kara w swoich projektach odwa\u017cnie \u0142\u0105czy klasyczne kroje z grunge&#8217;owym wsp\u00f3\u0142czesnym romantyzmem, podkre\u015blaj\u0105c indywidualno\u015b\u0107 kobiet, kt\u00f3re je nosz\u0105. Ka\u017cda suknia jest szyta na miar\u0119 w atelier w Krakowie przy u\u017cyciu najwy\u017cszej jako\u015bci naturalnych materia\u0142\u00f3w i z prawdziw\u0105 dba\u0142o\u015bci\u0105 o detale.<\/em><\/p>\n<p>&nbsp;<\/p>\n<p>[\/et_pb_text][\/et_pb_column][et_pb_column type=&#8221;1_3&#8243; _builder_version=&#8221;3.26.6&#8243;][et_pb_image src=&#8221;http:\/\/www.welonimuszka.pl\/wp-content\/uploads\/2020\/01\/0_3bb46ccee86e80e2918ce5ab263560ab_900_900_0.jpg&#8221; _builder_version=&#8221;4.2.1&#8243;][\/et_pb_image][et_pb_image src=&#8221;http:\/\/www.welonimuszka.pl\/wp-content\/uploads\/2020\/01\/0_4ee49ad6dceb0e88d5644e06f4977148_900_900_0.jpg&#8221; _builder_version=&#8221;4.2.1&#8243;][\/et_pb_image][\/et_pb_column][\/et_pb_row][\/et_pb_section][et_pb_section fb_built=&#8221;1&#8243; fullwidth=&#8221;on&#8221; _builder_version=&#8221;4.2.1&#8243; custom_margin=&#8221;-25px||||false|false&#8221;][et_pb_fullwidth_image src=&#8221;http:\/\/www.welonimuszka.pl\/wp-content\/uploads\/2020\/01\/0_805c0b588c79fb61d51953be3a42b046_900_900_0.jpg&#8221; _builder_version=&#8221;4.2.1&#8243;][\/et_pb_fullwidth_image][et_pb_fullwidth_image src=&#8221;http:\/\/www.welonimuszka.pl\/wp-content\/uploads\/2020\/01\/0_8486026e2eba2c23ef8ca906131a6308_900_900_0.jpg&#8221; _builder_version=&#8221;4.2.1&#8243; custom_margin=&#8221;50px||||false|false&#8221;][\/et_pb_fullwidth_image][et_pb_fullwidth_image src=&#8221;http:\/\/www.welonimuszka.pl\/wp-content\/uploads\/2020\/01\/0_a90285231093a9d065f7ca5624b4e37c_900_900_0.jpg&#8221; _builder_version=&#8221;4.2.1&#8243; custom_margin=&#8221;50px||||false|false&#8221;][\/et_pb_fullwidth_image][et_pb_fullwidth_image src=&#8221;http:\/\/www.welonimuszka.pl\/wp-content\/uploads\/2020\/01\/0_9098ca78ebcce789c1155f1eabca08e0_900_900_0.jpg&#8221; _builder_version=&#8221;4.2.1&#8243; custom_margin=&#8221;50px||||false|false&#8221;][\/et_pb_fullwidth_image][et_pb_fullwidth_image src=&#8221;http:\/\/www.welonimuszka.pl\/wp-content\/uploads\/2020\/01\/0_eb625011f45d17f6eea4a829d8d81305_900_900_0.jpg&#8221; _builder_version=&#8221;4.2.1&#8243; custom_margin=&#8221;50px||||false|false&#8221; global_module=&#8221;31188&#8243; saved_tabs=&#8221;all&#8221;][\/et_pb_fullwidth_image][\/et_pb_section][et_pb_section fb_built=&#8221;1&#8243; _builder_version=&#8221;4.2.1&#8243;][et_pb_row column_structure=&#8221;1_2,1_2&#8243; _builder_version=&#8221;4.2.1&#8243;][et_pb_column type=&#8221;1_2&#8243; _builder_version=&#8221;4.2.1&#8243;][et_pb_image src=&#8221;http:\/\/www.welonimuszka.pl\/wp-content\/uploads\/2020\/01\/0_40097b8b299ea2047b56e7e3dbfc6257_900_900_0.jpg&#8221; _builder_version=&#8221;4.2.1&#8243;][\/et_pb_image][\/et_pb_column][et_pb_column type=&#8221;1_2&#8243; _builder_version=&#8221;4.2.1&#8243;][et_pb_image src=&#8221;http:\/\/www.welonimuszka.pl\/wp-content\/uploads\/2020\/01\/0_9fdcacb76474f4c8e406b950fc7e1679_900_900_0.jpg&#8221; _builder_version=&#8221;4.2.1&#8243;][\/et_pb_image][\/et_pb_column][\/et_pb_row][et_pb_row column_structure=&#8221;1_2,1_2&#8243; _builder_version=&#8221;4.2.1&#8243; custom_margin=&#8221;62px||||false|false&#8221;][et_pb_column type=&#8221;1_2&#8243; _builder_version=&#8221;4.2.1&#8243;][et_pb_image src=&#8221;http:\/\/www.welonimuszka.pl\/wp-content\/uploads\/2020\/01\/0_f2dd50ff6dc2f2d3c0545160f5966623_900_900_0.jpg&#8221; _builder_version=&#8221;4.2.1&#8243;][\/et_pb_image][\/et_pb_column][et_pb_column type=&#8221;1_2&#8243; _builder_version=&#8221;4.2.1&#8243;][et_pb_image src=&#8221;http:\/\/www.welonimuszka.pl\/wp-content\/uploads\/2020\/01\/0_67d050fc568661ca6d4db3b9c1fc5952_900_900_0.jpg&#8221; _builder_version=&#8221;4.2.1&#8243;][\/et_pb_image][\/et_pb_column][\/et_pb_row][et_pb_row column_structure=&#8221;1_2,1_2&#8243; _builder_version=&#8221;4.2.1&#8243; custom_margin=&#8221;62px||||false|false&#8221;][et_pb_column type=&#8221;1_2&#8243; _builder_version=&#8221;4.2.1&#8243;][et_pb_image src=&#8221;http:\/\/www.welonimuszka.pl\/wp-content\/uploads\/2020\/01\/0_e242873e20b5c349bd6ca3aa22e92b41_900_900_0.jpg&#8221; _builder_version=&#8221;4.2.1&#8243;][\/et_pb_image][\/et_pb_column][et_pb_column type=&#8221;1_2&#8243; _builder_version=&#8221;4.2.1&#8243;][et_pb_image src=&#8221;http:\/\/www.welonimuszka.pl\/wp-content\/uploads\/2020\/01\/0_06fa0b96ad7463db35d326618a8bacf7_900_900_0.jpg&#8221; _builder_version=&#8221;4.2.1&#8243;][\/et_pb_image][\/et_pb_column][\/et_pb_row][\/et_pb_section][et_pb_section fb_built=&#8221;1&#8243; fullwidth=&#8221;on&#8221; _builder_version=&#8221;4.2.1&#8243;][et_pb_fullwidth_image src=&#8221;http:\/\/www.welonimuszka.pl\/wp-content\/uploads\/2020\/01\/0_67307c2d06bf50b9c91cbbfeda13a8b7_900_900_0.jpg&#8221; _builder_version=&#8221;4.2.1&#8243;][\/et_pb_fullwidth_image][et_pb_fullwidth_image src=&#8221;http:\/\/www.welonimuszka.pl\/wp-content\/uploads\/2020\/01\/0_76e9af4656aa20833cb8215842bff533_900_900_0.jpg&#8221; _builder_version=&#8221;4.2.1&#8243; custom_margin=&#8221;60px||||false|false&#8221;][\/et_pb_fullwidth_image][et_pb_fullwidth_image src=&#8221;http:\/\/www.welonimuszka.pl\/wp-content\/uploads\/2020\/01\/0_99ecd3992c21825c48b707d753978f3f_900_900_0.jpg&#8221; _builder_version=&#8221;4.2.1&#8243; custom_margin=&#8221;60px||||false|false&#8221;][\/et_pb_fullwidth_image][\/et_pb_section][et_pb_section fb_built=&#8221;1&#8243; _builder_version=&#8221;4.2.1&#8243;][et_pb_row column_structure=&#8221;1_2,1_2&#8243; _builder_version=&#8221;4.2.1&#8243;][et_pb_column type=&#8221;1_2&#8243; _builder_version=&#8221;4.2.1&#8243;][et_pb_image src=&#8221;http:\/\/www.welonimuszka.pl\/wp-content\/uploads\/2020\/01\/0_38ba41aa397ffafd0ae16b331037d625_900_900_0.jpg&#8221; _builder_version=&#8221;4.2.1&#8243;][\/et_pb_image][\/et_pb_column][et_pb_column type=&#8221;1_2&#8243; _builder_version=&#8221;4.2.1&#8243;][et_pb_image src=&#8221;http:\/\/www.welonimuszka.pl\/wp-content\/uploads\/2020\/01\/0_edc2ab8e8cb5c80d5a984cc9a82bbd2a_900_900_0.jpg&#8221; _builder_version=&#8221;4.2.1&#8243;][\/et_pb_image][\/et_pb_column][\/et_pb_row][et_pb_row column_structure=&#8221;1_2,1_2&#8243; _builder_version=&#8221;4.2.1&#8243; custom_margin=&#8221;50px||||false|false&#8221;][et_pb_column type=&#8221;1_2&#8243; _builder_version=&#8221;4.2.1&#8243;][et_pb_image src=&#8221;http:\/\/www.welonimuszka.pl\/wp-content\/uploads\/2020\/01\/0_952194228899e1fa3e4aa8e04f04b73e_900_900_0.jpg&#8221; _builder_version=&#8221;4.2.1&#8243;][\/et_pb_image][\/et_pb_column][et_pb_column type=&#8221;1_2&#8243; _builder_version=&#8221;4.2.1&#8243;][et_pb_image src=&#8221;http:\/\/www.welonimuszka.pl\/wp-content\/uploads\/2020\/01\/0_7a0e3cb3f484be282741e2e5e8243c05_900_900_0-1.jpg&#8221; _builder_version=&#8221;4.2.1&#8243;][\/et_pb_image][\/et_pb_column][\/et_pb_row][et_pb_row column_structure=&#8221;1_2,1_2&#8243; _builder_version=&#8221;4.2.1&#8243; custom_margin=&#8221;50px||||false|false&#8221;][et_pb_column type=&#8221;1_2&#8243; _builder_version=&#8221;4.2.1&#8243;][et_pb_image src=&#8221;http:\/\/www.welonimuszka.pl\/wp-content\/uploads\/2020\/01\/0_280380ef78e12aa6c747ab11c77c9d15_900_900_0.jpg&#8221; _builder_version=&#8221;4.2.1&#8243;][\/et_pb_image][\/et_pb_column][et_pb_column type=&#8221;1_2&#8243; _builder_version=&#8221;4.2.1&#8243;][et_pb_image src=&#8221;http:\/\/www.welonimuszka.pl\/wp-content\/uploads\/2020\/01\/0_00a53a3affc6c112b9176bc39f0572e9_900_900_0.jpg&#8221; _builder_version=&#8221;4.2.1&#8243;][\/et_pb_image][\/et_pb_column][\/et_pb_row][\/et_pb_section]<\/p>\n","protected":false},"excerpt":{"rendered":"<p>Anna Kara &#8211; Kolekcja 2020<\/p>\n","protected":false},"author":2,"featured_media":31136,"comment_status":"closed","ping_status":"closed","sticky":false,"template":"","format":"standard","meta":{"_et_pb_use_builder":"on","_et_pb_old_content":"","_et_gb_content_width":"1080","footnotes":""},"categories":[12],"tags":[],"class_list":["post-31080","post","type-post","status-publish","format-standard","has-post-thumbnail","hentry","category-suknia"],"_links":{"self":[{"href":"http:\/\/www.welonimuszka.pl\/index.php?rest_route=\/wp\/v2\/posts\/31080","targetHints":{"allow":["GET"]}}],"collection":[{"href":"http:\/\/www.welonimuszka.pl\/index.php?rest_route=\/wp\/v2\/posts"}],"about":[{"href":"http:\/\/www.welonimuszka.pl\/index.php?rest_route=\/wp\/v2\/types\/post"}],"author":[{"embeddable":true,"href":"http:\/\/www.welonimuszka.pl\/index.php?rest_route=\/wp\/v2\/users\/2"}],"replies":[{"embeddable":true,"href":"http:\/\/www.welonimuszka.pl\/index.php?rest_route=%2Fwp%2Fv2%2Fcomments&post=31080"}],"version-history":[{"count":32,"href":"http:\/\/www.welonimuszka.pl\/index.php?rest_route=\/wp\/v2\/posts\/31080\/revisions"}],"predecessor-version":[{"id":31309,"href":"http:\/\/www.welonimuszka.pl\/index.php?rest_route=\/wp\/v2\/posts\/31080\/revisions\/31309"}],"wp:featuredmedia":[{"embeddable":true,"href":"http:\/\/www.welonimuszka.pl\/index.php?rest_route=\/wp\/v2\/media\/31136"}],"wp:attachment":[{"href":"http:\/\/www.welonimuszka.pl\/index.php?rest_route=%2Fwp%2Fv2%2Fmedia&parent=31080"}],"wp:term":[{"taxonomy":"category","embeddable":true,"href":"http:\/\/www.welonimuszka.pl\/index.php?rest_route=%2Fwp%2Fv2%2Fcategories&post=31080"},{"taxonomy":"post_tag","embeddable":true,"href":"http:\/\/www.welonimuszka.pl\/index.php?rest_route=%2Fwp%2Fv2%2Ftags&post=31080"}],"curies":[{"name":"wp","href":"https:\/\/api.w.org\/{rel}","templated":true}]}}