{"id":24506,"date":"2014-09-11T21:08:18","date_gmt":"2014-09-11T19:08:18","guid":{"rendered":"http:\/\/www.welonimuszka.pl\/?p=24506"},"modified":"2014-09-11T21:22:06","modified_gmt":"2014-09-11T19:22:06","slug":"mundurem","status":"publish","type":"post","link":"http:\/\/www.welonimuszka.pl\/?p=24506","title":{"rendered":"Za mundurem&#8230;"},"content":{"rendered":"<p>Super jest fotografowa\u0107 takie pary, jak Dorota i Mateusz. Oboje m\u0142odzi, naturalni, pe\u0142ni \u017cycia, spontaniczno\u015bci i emocji. Wyj\u0105tkowa para. Nie cz\u0119sto spotyka si\u0119 ludzi tak naturalnie, zwyczajnie u\u015bmiechni\u0119tych i radosnych. Praca z nimi by\u0142a dla mnie wielk\u0105 przyjemno\u015bci\u0105.<\/p>\n<p>Pi\u0119kna ceremonia w starym ko\u015bciele garnizonowym we Wroc\u0142awiu, \u015blicznie udekorowany ko\u015bci\u00f3\u0142, wspaniali go\u015bcie, wesele i zabawa a\u017c do rana. No i oczywi\u015bcie wielkie emocje towarzysz\u0105ce temu wydarzeniu. Na pierwszy rzut oka wida\u0107 ogromne uczucie mi\u0119dzy nimi. Ciesz\u0119 si\u0119, \u017ce spotykam tak fantastyczne pary i \u017ce mog\u0142em by\u0107 z nimi i uwieczni\u0107 ten najwa\u017cniejszy dla nich dzie\u0144. Mog\u0119 im tylko \u017cyczy\u0107 wszystkiego najlepszego na nowej drodze \u017cycia. Mam nadziej\u0119, \u017ce spotkamy si\u0119 jeszcze na nie jednej wsp\u00f3lnej sesji.<\/p>\n<p>Fot. Rafa\u0142 Fronczek &#8211; www.sacalobra.pl<\/p>\n<p><a href=\"http:\/\/www.welonimuszka.pl\/wp-content\/uploads\/2014\/09\/fotograf-slubny-wroclaw-rafal-fronczek-4.jpg\"><img decoding=\"async\" class=\"alignnone size-full wp-image-24550\" alt=\"fotograf-slubny-wroclaw-rafal-fronczek (4)\" src=\"http:\/\/www.welonimuszka.pl\/wp-content\/uploads\/2014\/09\/fotograf-slubny-wroclaw-rafal-fronczek-4.jpg\" width=\"532\" srcset=\"http:\/\/www.welonimuszka.pl\/wp-content\/uploads\/2014\/09\/fotograf-slubny-wroclaw-rafal-fronczek-4.jpg 800w, http:\/\/www.welonimuszka.pl\/wp-content\/uploads\/2014\/09\/fotograf-slubny-wroclaw-rafal-fronczek-4-300x199.jpg 300w\" sizes=\"(max-width: 800px) 100vw, 800px\" \/><\/a> <a href=\"http:\/\/www.welonimuszka.pl\/wp-content\/uploads\/2014\/09\/fotograf-slubny-wroclaw-rafal-fronczek-3.jpg\"><img decoding=\"async\" class=\"alignnone size-full wp-image-24549\" alt=\"fotograf-slubny-wroclaw-rafal-fronczek (3)\" src=\"http:\/\/www.welonimuszka.pl\/wp-content\/uploads\/2014\/09\/fotograf-slubny-wroclaw-rafal-fronczek-3.jpg\" width=\"532\" srcset=\"http:\/\/www.welonimuszka.pl\/wp-content\/uploads\/2014\/09\/fotograf-slubny-wroclaw-rafal-fronczek-3.jpg 800w, http:\/\/www.welonimuszka.pl\/wp-content\/uploads\/2014\/09\/fotograf-slubny-wroclaw-rafal-fronczek-3-300x199.jpg 300w\" sizes=\"(max-width: 800px) 100vw, 800px\" \/><\/a> <a href=\"http:\/\/www.welonimuszka.pl\/wp-content\/uploads\/2014\/09\/fotograf-slubny-wroclaw-rafal-fronczek-2.jpg\"><img decoding=\"async\" class=\"alignnone size-full wp-image-24548\" alt=\"fotograf-slubny-wroclaw-rafal-fronczek (2)\" src=\"http:\/\/www.welonimuszka.pl\/wp-content\/uploads\/2014\/09\/fotograf-slubny-wroclaw-rafal-fronczek-2.jpg\" width=\"532\" srcset=\"http:\/\/www.welonimuszka.pl\/wp-content\/uploads\/2014\/09\/fotograf-slubny-wroclaw-rafal-fronczek-2.jpg 800w, http:\/\/www.welonimuszka.pl\/wp-content\/uploads\/2014\/09\/fotograf-slubny-wroclaw-rafal-fronczek-2-300x199.jpg 300w\" sizes=\"(max-width: 800px) 100vw, 800px\" \/><\/a> <a href=\"http:\/\/www.welonimuszka.pl\/wp-content\/uploads\/2014\/09\/fotograf-slubny-wroclaw-rafal-fronczek-1.jpg\"><img decoding=\"async\" class=\"alignnone size-full wp-image-24547\" alt=\"fotograf-slubny-wroclaw-rafal-fronczek (1)\" src=\"http:\/\/www.welonimuszka.pl\/wp-content\/uploads\/2014\/09\/fotograf-slubny-wroclaw-rafal-fronczek-1.jpg\" width=\"532\" srcset=\"http:\/\/www.welonimuszka.pl\/wp-content\/uploads\/2014\/09\/fotograf-slubny-wroclaw-rafal-fronczek-1.jpg 800w, http:\/\/www.welonimuszka.pl\/wp-content\/uploads\/2014\/09\/fotograf-slubny-wroclaw-rafal-fronczek-1-300x199.jpg 300w\" sizes=\"(max-width: 800px) 100vw, 800px\" \/><\/a> <a href=\"http:\/\/www.welonimuszka.pl\/wp-content\/uploads\/2014\/09\/fotograf-slubny-wroclaw-rafal-fronczek-12.jpg\"><img decoding=\"async\" class=\"alignnone size-full wp-image-24546\" alt=\"fotograf-slubny-wroclaw-rafal-fronczek (12)\" src=\"http:\/\/www.welonimuszka.pl\/wp-content\/uploads\/2014\/09\/fotograf-slubny-wroclaw-rafal-fronczek-12.jpg\" width=\"532\" srcset=\"http:\/\/www.welonimuszka.pl\/wp-content\/uploads\/2014\/09\/fotograf-slubny-wroclaw-rafal-fronczek-12.jpg 800w, http:\/\/www.welonimuszka.pl\/wp-content\/uploads\/2014\/09\/fotograf-slubny-wroclaw-rafal-fronczek-12-300x199.jpg 300w\" sizes=\"(max-width: 800px) 100vw, 800px\" \/><\/a> <a href=\"http:\/\/www.welonimuszka.pl\/wp-content\/uploads\/2014\/09\/fotograf-slubny-wroclaw-rafal-fronczek-11.jpg\"><img loading=\"lazy\" decoding=\"async\" class=\"alignnone size-full wp-image-24545\" alt=\"fotograf-slubny-wroclaw-rafal-fronczek (11)\" src=\"http:\/\/www.welonimuszka.pl\/wp-content\/uploads\/2014\/09\/fotograf-slubny-wroclaw-rafal-fronczek-11.jpg\" width=\"532\" height=\"800\" srcset=\"http:\/\/www.welonimuszka.pl\/wp-content\/uploads\/2014\/09\/fotograf-slubny-wroclaw-rafal-fronczek-11.jpg 532w, http:\/\/www.welonimuszka.pl\/wp-content\/uploads\/2014\/09\/fotograf-slubny-wroclaw-rafal-fronczek-11-199x300.jpg 199w\" sizes=\"auto, (max-width: 532px) 100vw, 532px\" \/><\/a> <a href=\"http:\/\/www.welonimuszka.pl\/wp-content\/uploads\/2014\/09\/fotograf-slubny-wroclaw-rafal-fronczek-10.jpg\"><img decoding=\"async\" class=\"alignnone size-full wp-image-24544\" alt=\"fotograf-slubny-wroclaw-rafal-fronczek (10)\" src=\"http:\/\/www.welonimuszka.pl\/wp-content\/uploads\/2014\/09\/fotograf-slubny-wroclaw-rafal-fronczek-10.jpg\" width=\"532\" srcset=\"http:\/\/www.welonimuszka.pl\/wp-content\/uploads\/2014\/09\/fotograf-slubny-wroclaw-rafal-fronczek-10.jpg 800w, http:\/\/www.welonimuszka.pl\/wp-content\/uploads\/2014\/09\/fotograf-slubny-wroclaw-rafal-fronczek-10-300x199.jpg 300w\" sizes=\"(max-width: 800px) 100vw, 800px\" \/><\/a> <a href=\"http:\/\/www.welonimuszka.pl\/wp-content\/uploads\/2014\/09\/fotograf-slubny-wroclaw-rafal-fronczek-5.jpg\"><img decoding=\"async\" class=\"alignnone size-full wp-image-24539\" alt=\"fotograf-slubny-wroclaw-rafal-fronczek (5)\" src=\"http:\/\/www.welonimuszka.pl\/wp-content\/uploads\/2014\/09\/fotograf-slubny-wroclaw-rafal-fronczek-5.jpg\" width=\"532\" srcset=\"http:\/\/www.welonimuszka.pl\/wp-content\/uploads\/2014\/09\/fotograf-slubny-wroclaw-rafal-fronczek-5.jpg 800w, http:\/\/www.welonimuszka.pl\/wp-content\/uploads\/2014\/09\/fotograf-slubny-wroclaw-rafal-fronczek-5-300x199.jpg 300w\" sizes=\"(max-width: 800px) 100vw, 800px\" \/><\/a><a href=\"http:\/\/www.welonimuszka.pl\/wp-content\/uploads\/2014\/09\/fotograf-slubny-wroclaw-rafal-fronczek-9.jpg\"><img decoding=\"async\" class=\"alignnone size-full wp-image-24543\" alt=\"fotograf-slubny-wroclaw-rafal-fronczek (9)\" src=\"http:\/\/www.welonimuszka.pl\/wp-content\/uploads\/2014\/09\/fotograf-slubny-wroclaw-rafal-fronczek-9.jpg\" width=\"532\" srcset=\"http:\/\/www.welonimuszka.pl\/wp-content\/uploads\/2014\/09\/fotograf-slubny-wroclaw-rafal-fronczek-9.jpg 800w, http:\/\/www.welonimuszka.pl\/wp-content\/uploads\/2014\/09\/fotograf-slubny-wroclaw-rafal-fronczek-9-300x199.jpg 300w\" sizes=\"(max-width: 800px) 100vw, 800px\" \/><\/a> <a href=\"http:\/\/www.welonimuszka.pl\/wp-content\/uploads\/2014\/09\/fotograf-slubny-wroclaw-rafal-fronczek-8.jpg\"><img decoding=\"async\" class=\"alignnone size-full wp-image-24542\" alt=\"fotograf-slubny-wroclaw-rafal-fronczek (8)\" src=\"http:\/\/www.welonimuszka.pl\/wp-content\/uploads\/2014\/09\/fotograf-slubny-wroclaw-rafal-fronczek-8.jpg\" width=\"532\" srcset=\"http:\/\/www.welonimuszka.pl\/wp-content\/uploads\/2014\/09\/fotograf-slubny-wroclaw-rafal-fronczek-8.jpg 800w, http:\/\/www.welonimuszka.pl\/wp-content\/uploads\/2014\/09\/fotograf-slubny-wroclaw-rafal-fronczek-8-300x199.jpg 300w\" sizes=\"(max-width: 800px) 100vw, 800px\" \/><\/a><a href=\"http:\/\/www.welonimuszka.pl\/wp-content\/uploads\/2014\/09\/fotograf-slubny-wroclaw-rafal-fronczek-13.jpg\"><img decoding=\"async\" class=\"alignnone size-full wp-image-24525\" alt=\"fotograf-slubny-wroclaw-rafal-fronczek (13)\" src=\"http:\/\/www.welonimuszka.pl\/wp-content\/uploads\/2014\/09\/fotograf-slubny-wroclaw-rafal-fronczek-13.jpg\" width=\"532\" srcset=\"http:\/\/www.welonimuszka.pl\/wp-content\/uploads\/2014\/09\/fotograf-slubny-wroclaw-rafal-fronczek-13.jpg 800w, http:\/\/www.welonimuszka.pl\/wp-content\/uploads\/2014\/09\/fotograf-slubny-wroclaw-rafal-fronczek-13-300x199.jpg 300w\" sizes=\"(max-width: 800px) 100vw, 800px\" \/><\/a> <a href=\"http:\/\/www.welonimuszka.pl\/wp-content\/uploads\/2014\/09\/fotograf-slubny-wroclaw-rafal-fronczek-7.jpg\"><img loading=\"lazy\" decoding=\"async\" class=\"alignnone size-full wp-image-24541\" alt=\"fotograf-slubny-wroclaw-rafal-fronczek (7)\" src=\"http:\/\/www.welonimuszka.pl\/wp-content\/uploads\/2014\/09\/fotograf-slubny-wroclaw-rafal-fronczek-7.jpg\" width=\"532\" height=\"800\" srcset=\"http:\/\/www.welonimuszka.pl\/wp-content\/uploads\/2014\/09\/fotograf-slubny-wroclaw-rafal-fronczek-7.jpg 532w, http:\/\/www.welonimuszka.pl\/wp-content\/uploads\/2014\/09\/fotograf-slubny-wroclaw-rafal-fronczek-7-199x300.jpg 199w\" sizes=\"auto, (max-width: 532px) 100vw, 532px\" \/><\/a> <a href=\"http:\/\/www.welonimuszka.pl\/wp-content\/uploads\/2014\/09\/fotograf-slubny-wroclaw-rafal-fronczek-6.jpg\"><img decoding=\"async\" class=\"alignnone size-full wp-image-24540\" alt=\"fotograf-slubny-wroclaw-rafal-fronczek (6)\" src=\"http:\/\/www.welonimuszka.pl\/wp-content\/uploads\/2014\/09\/fotograf-slubny-wroclaw-rafal-fronczek-6.jpg\" width=\"532\" srcset=\"http:\/\/www.welonimuszka.pl\/wp-content\/uploads\/2014\/09\/fotograf-slubny-wroclaw-rafal-fronczek-6.jpg 800w, http:\/\/www.welonimuszka.pl\/wp-content\/uploads\/2014\/09\/fotograf-slubny-wroclaw-rafal-fronczek-6-300x199.jpg 300w\" sizes=\"(max-width: 800px) 100vw, 800px\" \/><\/a> <a href=\"http:\/\/www.welonimuszka.pl\/wp-content\/uploads\/2014\/09\/fotograf-slubny-wroclaw-rafal-fronczek-14.jpg\"><img decoding=\"async\" class=\"alignnone size-full wp-image-24526\" alt=\"fotograf-slubny-wroclaw-rafal-fronczek (14)\" src=\"http:\/\/www.welonimuszka.pl\/wp-content\/uploads\/2014\/09\/fotograf-slubny-wroclaw-rafal-fronczek-14.jpg\" width=\"532\" srcset=\"http:\/\/www.welonimuszka.pl\/wp-content\/uploads\/2014\/09\/fotograf-slubny-wroclaw-rafal-fronczek-14.jpg 800w, http:\/\/www.welonimuszka.pl\/wp-content\/uploads\/2014\/09\/fotograf-slubny-wroclaw-rafal-fronczek-14-300x199.jpg 300w\" sizes=\"(max-width: 800px) 100vw, 800px\" \/><\/a><a href=\"http:\/\/www.welonimuszka.pl\/wp-content\/uploads\/2014\/09\/fotograf-slubny-wroclaw-rafal-fronczek-32.jpg\"><img decoding=\"async\" class=\"alignnone size-full wp-image-24517\" alt=\"fotograf-slubny-wroclaw-rafal-fronczek (39)\" src=\"http:\/\/www.welonimuszka.pl\/wp-content\/uploads\/2014\/09\/fotograf-slubny-wroclaw-rafal-fronczek-39.jpg\" width=\"532\" srcset=\"http:\/\/www.welonimuszka.pl\/wp-content\/uploads\/2014\/09\/fotograf-slubny-wroclaw-rafal-fronczek-39.jpg 800w, http:\/\/www.welonimuszka.pl\/wp-content\/uploads\/2014\/09\/fotograf-slubny-wroclaw-rafal-fronczek-39-300x199.jpg 300w\" sizes=\"(max-width: 800px) 100vw, 800px\" \/><\/a><a href=\"http:\/\/www.welonimuszka.pl\/wp-content\/uploads\/2014\/09\/fotograf-slubny-wroclaw-rafal-fronczek-21.jpg\"><img decoding=\"async\" class=\"alignnone size-full wp-image-24530\" alt=\"fotograf-slubny-wroclaw-rafal-fronczek (21)\" src=\"http:\/\/www.welonimuszka.pl\/wp-content\/uploads\/2014\/09\/fotograf-slubny-wroclaw-rafal-fronczek-21.jpg\" width=\"532\" srcset=\"http:\/\/www.welonimuszka.pl\/wp-content\/uploads\/2014\/09\/fotograf-slubny-wroclaw-rafal-fronczek-21.jpg 800w, http:\/\/www.welonimuszka.pl\/wp-content\/uploads\/2014\/09\/fotograf-slubny-wroclaw-rafal-fronczek-21-300x199.jpg 300w\" sizes=\"(max-width: 800px) 100vw, 800px\" \/><\/a><a href=\"http:\/\/www.welonimuszka.pl\/wp-content\/uploads\/2014\/09\/fotograf-slubny-wroclaw-rafal-fronczek-18.jpg\"><img decoding=\"async\" class=\"alignnone size-full wp-image-24528\" alt=\"fotograf-slubny-wroclaw-rafal-fronczek (18)\" src=\"http:\/\/www.welonimuszka.pl\/wp-content\/uploads\/2014\/09\/fotograf-slubny-wroclaw-rafal-fronczek-18.jpg\" width=\"532\" srcset=\"http:\/\/www.welonimuszka.pl\/wp-content\/uploads\/2014\/09\/fotograf-slubny-wroclaw-rafal-fronczek-18.jpg 800w, http:\/\/www.welonimuszka.pl\/wp-content\/uploads\/2014\/09\/fotograf-slubny-wroclaw-rafal-fronczek-18-300x199.jpg 300w\" sizes=\"(max-width: 800px) 100vw, 800px\" \/><\/a>\u00a0\u00a0 <a href=\"http:\/\/www.welonimuszka.pl\/wp-content\/uploads\/2014\/09\/fotograf-slubny-wroclaw-rafal-fronczek-19.jpg\"><img decoding=\"async\" class=\"alignnone size-full wp-image-24529\" alt=\"fotograf-slubny-wroclaw-rafal-fronczek (19)\" src=\"http:\/\/www.welonimuszka.pl\/wp-content\/uploads\/2014\/09\/fotograf-slubny-wroclaw-rafal-fronczek-19.jpg\" width=\"532\" srcset=\"http:\/\/www.welonimuszka.pl\/wp-content\/uploads\/2014\/09\/fotograf-slubny-wroclaw-rafal-fronczek-19.jpg 800w, http:\/\/www.welonimuszka.pl\/wp-content\/uploads\/2014\/09\/fotograf-slubny-wroclaw-rafal-fronczek-19-300x199.jpg 300w\" sizes=\"(max-width: 800px) 100vw, 800px\" \/><\/a> <a href=\"http:\/\/www.welonimuszka.pl\/wp-content\/uploads\/2014\/09\/fotograf-slubny-wroclaw-rafal-fronczek-17.jpg\"><img decoding=\"async\" class=\"alignnone size-full wp-image-24527\" alt=\"fotograf-slubny-wroclaw-rafal-fronczek (17)\" src=\"http:\/\/www.welonimuszka.pl\/wp-content\/uploads\/2014\/09\/fotograf-slubny-wroclaw-rafal-fronczek-17.jpg\" width=\"532\" srcset=\"http:\/\/www.welonimuszka.pl\/wp-content\/uploads\/2014\/09\/fotograf-slubny-wroclaw-rafal-fronczek-17.jpg 800w, http:\/\/www.welonimuszka.pl\/wp-content\/uploads\/2014\/09\/fotograf-slubny-wroclaw-rafal-fronczek-17-300x199.jpg 300w\" sizes=\"(max-width: 800px) 100vw, 800px\" \/><\/a><a href=\"http:\/\/www.welonimuszka.pl\/wp-content\/uploads\/2014\/09\/fotograf-slubny-wroclaw-rafal-fronczek-24.jpg\"><img loading=\"lazy\" decoding=\"async\" class=\"alignnone size-full wp-image-24513\" alt=\"fotograf-slubny-wroclaw-rafal-fronczek (24)\" src=\"http:\/\/www.welonimuszka.pl\/wp-content\/uploads\/2014\/09\/fotograf-slubny-wroclaw-rafal-fronczek-24.jpg\" width=\"532\" height=\"800\" srcset=\"http:\/\/www.welonimuszka.pl\/wp-content\/uploads\/2014\/09\/fotograf-slubny-wroclaw-rafal-fronczek-24.jpg 532w, http:\/\/www.welonimuszka.pl\/wp-content\/uploads\/2014\/09\/fotograf-slubny-wroclaw-rafal-fronczek-24-199x300.jpg 199w\" sizes=\"auto, (max-width: 532px) 100vw, 532px\" \/><\/a><a href=\"http:\/\/www.welonimuszka.pl\/wp-content\/uploads\/2014\/09\/fotograf-slubny-wroclaw-rafal-fronczek-23.jpg\"><img decoding=\"async\" class=\"alignnone size-full wp-image-24535\" alt=\"fotograf-slubny-wroclaw-rafal-fronczek (23)\" src=\"http:\/\/www.welonimuszka.pl\/wp-content\/uploads\/2014\/09\/fotograf-slubny-wroclaw-rafal-fronczek-23.jpg\" width=\"532\" srcset=\"http:\/\/www.welonimuszka.pl\/wp-content\/uploads\/2014\/09\/fotograf-slubny-wroclaw-rafal-fronczek-23.jpg 800w, http:\/\/www.welonimuszka.pl\/wp-content\/uploads\/2014\/09\/fotograf-slubny-wroclaw-rafal-fronczek-23-300x199.jpg 300w\" sizes=\"(max-width: 800px) 100vw, 800px\" \/><\/a> <a href=\"http:\/\/www.welonimuszka.pl\/wp-content\/uploads\/2014\/09\/fotograf-slubny-wroclaw-rafal-fronczek-22.jpg\"><img decoding=\"async\" class=\"alignnone size-full wp-image-24534\" alt=\"fotograf-slubny-wroclaw-rafal-fronczek (22)\" src=\"http:\/\/www.welonimuszka.pl\/wp-content\/uploads\/2014\/09\/fotograf-slubny-wroclaw-rafal-fronczek-22.jpg\" width=\"532\" srcset=\"http:\/\/www.welonimuszka.pl\/wp-content\/uploads\/2014\/09\/fotograf-slubny-wroclaw-rafal-fronczek-22.jpg 800w, http:\/\/www.welonimuszka.pl\/wp-content\/uploads\/2014\/09\/fotograf-slubny-wroclaw-rafal-fronczek-22-300x199.jpg 300w\" sizes=\"(max-width: 800px) 100vw, 800px\" \/><\/a><a href=\"http:\/\/www.welonimuszka.pl\/wp-content\/uploads\/2014\/09\/fotograf-slubny-wroclaw-rafal-fronczek-27.jpg\"><img decoding=\"async\" class=\"alignnone size-full wp-image-24515\" alt=\"fotograf-slubny-wroclaw-rafal-fronczek (27)\" src=\"http:\/\/www.welonimuszka.pl\/wp-content\/uploads\/2014\/09\/fotograf-slubny-wroclaw-rafal-fronczek-27.jpg\" width=\"532\" srcset=\"http:\/\/www.welonimuszka.pl\/wp-content\/uploads\/2014\/09\/fotograf-slubny-wroclaw-rafal-fronczek-27.jpg 800w, http:\/\/www.welonimuszka.pl\/wp-content\/uploads\/2014\/09\/fotograf-slubny-wroclaw-rafal-fronczek-27-300x199.jpg 300w\" sizes=\"(max-width: 800px) 100vw, 800px\" \/><\/a><a href=\"http:\/\/www.welonimuszka.pl\/wp-content\/uploads\/2014\/09\/fotograf-slubny-wroclaw-rafal-fronczek-25.jpg\"><img decoding=\"async\" class=\"alignnone size-full wp-image-24514\" alt=\"fotograf-slubny-wroclaw-rafal-fronczek (25)\" src=\"http:\/\/www.welonimuszka.pl\/wp-content\/uploads\/2014\/09\/fotograf-slubny-wroclaw-rafal-fronczek-25.jpg\" width=\"532\" srcset=\"http:\/\/www.welonimuszka.pl\/wp-content\/uploads\/2014\/09\/fotograf-slubny-wroclaw-rafal-fronczek-25.jpg 800w, http:\/\/www.welonimuszka.pl\/wp-content\/uploads\/2014\/09\/fotograf-slubny-wroclaw-rafal-fronczek-25-300x199.jpg 300w\" sizes=\"(max-width: 800px) 100vw, 800px\" \/><\/a><a href=\"http:\/\/www.welonimuszka.pl\/wp-content\/uploads\/2014\/09\/fotograf-slubny-wroclaw-rafal-fronczek-28.jpg\"><img decoding=\"async\" class=\"alignnone size-full wp-image-24516\" alt=\"fotograf-slubny-wroclaw-rafal-fronczek (28)\" src=\"http:\/\/www.welonimuszka.pl\/wp-content\/uploads\/2014\/09\/fotograf-slubny-wroclaw-rafal-fronczek-28.jpg\" width=\"532\" srcset=\"http:\/\/www.welonimuszka.pl\/wp-content\/uploads\/2014\/09\/fotograf-slubny-wroclaw-rafal-fronczek-28.jpg 800w, http:\/\/www.welonimuszka.pl\/wp-content\/uploads\/2014\/09\/fotograf-slubny-wroclaw-rafal-fronczek-28-300x199.jpg 300w\" sizes=\"(max-width: 800px) 100vw, 800px\" \/><\/a><a href=\"http:\/\/www.welonimuszka.pl\/wp-content\/uploads\/2014\/09\/fotograf-slubny-wroclaw-rafal-fronczek-29.jpg\"><img decoding=\"async\" class=\"alignnone size-full wp-image-24521\" alt=\"fotograf-slubny-wroclaw-rafal-fronczek (29)\" src=\"http:\/\/www.welonimuszka.pl\/wp-content\/uploads\/2014\/09\/fotograf-slubny-wroclaw-rafal-fronczek-29.jpg\" width=\"532\" srcset=\"http:\/\/www.welonimuszka.pl\/wp-content\/uploads\/2014\/09\/fotograf-slubny-wroclaw-rafal-fronczek-29.jpg 800w, http:\/\/www.welonimuszka.pl\/wp-content\/uploads\/2014\/09\/fotograf-slubny-wroclaw-rafal-fronczek-29-300x199.jpg 300w\" sizes=\"(max-width: 800px) 100vw, 800px\" \/><\/a> <a href=\"http:\/\/www.welonimuszka.pl\/wp-content\/uploads\/2014\/09\/fotograf-slubny-wroclaw-rafal-fronczek-33.jpg\"><img decoding=\"async\" class=\"alignnone size-full wp-image-24531\" alt=\"fotograf-slubny-wroclaw-rafal-fronczek (33)\" src=\"http:\/\/www.welonimuszka.pl\/wp-content\/uploads\/2014\/09\/fotograf-slubny-wroclaw-rafal-fronczek-33.jpg\" width=\"532\" srcset=\"http:\/\/www.welonimuszka.pl\/wp-content\/uploads\/2014\/09\/fotograf-slubny-wroclaw-rafal-fronczek-33.jpg 800w, http:\/\/www.welonimuszka.pl\/wp-content\/uploads\/2014\/09\/fotograf-slubny-wroclaw-rafal-fronczek-33-300x199.jpg 300w\" sizes=\"(max-width: 800px) 100vw, 800px\" \/><\/a><a href=\"http:\/\/www.welonimuszka.pl\/wp-content\/uploads\/2014\/09\/fotograf-slubny-wroclaw-rafal-fronczek-32.jpg\"><img loading=\"lazy\" decoding=\"async\" class=\"alignnone size-full wp-image-24522\" alt=\"fotograf-slubny-wroclaw-rafal-fronczek (32)\" src=\"http:\/\/www.welonimuszka.pl\/wp-content\/uploads\/2014\/09\/fotograf-slubny-wroclaw-rafal-fronczek-32.jpg\" width=\"532\" height=\"800\" srcset=\"http:\/\/www.welonimuszka.pl\/wp-content\/uploads\/2014\/09\/fotograf-slubny-wroclaw-rafal-fronczek-32.jpg 532w, http:\/\/www.welonimuszka.pl\/wp-content\/uploads\/2014\/09\/fotograf-slubny-wroclaw-rafal-fronczek-32-199x300.jpg 199w\" sizes=\"auto, (max-width: 532px) 100vw, 532px\" \/><\/a><a href=\"http:\/\/www.welonimuszka.pl\/wp-content\/uploads\/2014\/09\/fotograf-slubny-wroclaw-rafal-fronczek-34.jpg\"><img loading=\"lazy\" decoding=\"async\" class=\"alignnone size-full wp-image-24536\" alt=\"fotograf-slubny-wroclaw-rafal-fronczek (34)\" src=\"http:\/\/www.welonimuszka.pl\/wp-content\/uploads\/2014\/09\/fotograf-slubny-wroclaw-rafal-fronczek-34.jpg\" width=\"532\" height=\"800\" srcset=\"http:\/\/www.welonimuszka.pl\/wp-content\/uploads\/2014\/09\/fotograf-slubny-wroclaw-rafal-fronczek-34.jpg 532w, http:\/\/www.welonimuszka.pl\/wp-content\/uploads\/2014\/09\/fotograf-slubny-wroclaw-rafal-fronczek-34-199x300.jpg 199w\" sizes=\"auto, (max-width: 532px) 100vw, 532px\" \/><\/a><a href=\"http:\/\/www.welonimuszka.pl\/wp-content\/uploads\/2014\/09\/fotograf-slubny-wroclaw-rafal-fronczek-38.jpg\"><img decoding=\"async\" class=\"alignnone size-full wp-image-24511\" alt=\"fotograf-slubny-wroclaw-rafal-fronczek (38)\" src=\"http:\/\/www.welonimuszka.pl\/wp-content\/uploads\/2014\/09\/fotograf-slubny-wroclaw-rafal-fronczek-38.jpg\" width=\"532\" srcset=\"http:\/\/www.welonimuszka.pl\/wp-content\/uploads\/2014\/09\/fotograf-slubny-wroclaw-rafal-fronczek-38.jpg 800w, http:\/\/www.welonimuszka.pl\/wp-content\/uploads\/2014\/09\/fotograf-slubny-wroclaw-rafal-fronczek-38-300x199.jpg 300w\" sizes=\"(max-width: 800px) 100vw, 800px\" \/><\/a><a href=\"http:\/\/www.welonimuszka.pl\/wp-content\/uploads\/2014\/09\/fotograf-slubny-wroclaw-rafal-fronczek-36.jpg\"><img loading=\"lazy\" decoding=\"async\" class=\"alignnone size-full wp-image-24508\" alt=\"fotograf-slubny-wroclaw-rafal-fronczek (36)\" src=\"http:\/\/www.welonimuszka.pl\/wp-content\/uploads\/2014\/09\/fotograf-slubny-wroclaw-rafal-fronczek-36.jpg\" width=\"532\" height=\"800\" srcset=\"http:\/\/www.welonimuszka.pl\/wp-content\/uploads\/2014\/09\/fotograf-slubny-wroclaw-rafal-fronczek-36.jpg 532w, http:\/\/www.welonimuszka.pl\/wp-content\/uploads\/2014\/09\/fotograf-slubny-wroclaw-rafal-fronczek-36-199x300.jpg 199w\" sizes=\"auto, (max-width: 532px) 100vw, 532px\" \/><\/a><a href=\"http:\/\/www.welonimuszka.pl\/wp-content\/uploads\/2014\/09\/fotograf-slubny-wroclaw-rafal-fronczek-37.jpg\"><img decoding=\"async\" class=\"alignnone size-full wp-image-24509\" alt=\"fotograf-slubny-wroclaw-rafal-fronczek (37)\" src=\"http:\/\/www.welonimuszka.pl\/wp-content\/uploads\/2014\/09\/fotograf-slubny-wroclaw-rafal-fronczek-37.jpg\" width=\"532\" srcset=\"http:\/\/www.welonimuszka.pl\/wp-content\/uploads\/2014\/09\/fotograf-slubny-wroclaw-rafal-fronczek-37.jpg 800w, http:\/\/www.welonimuszka.pl\/wp-content\/uploads\/2014\/09\/fotograf-slubny-wroclaw-rafal-fronczek-37-300x199.jpg 300w\" sizes=\"(max-width: 800px) 100vw, 800px\" \/><\/a><a href=\"http:\/\/www.welonimuszka.pl\/wp-content\/uploads\/2014\/09\/fotograf-slubny-wroclaw-rafal-fronczek-40.jpg\"><img decoding=\"async\" class=\"alignnone size-full wp-image-24518\" alt=\"fotograf-slubny-wroclaw-rafal-fronczek (40)\" src=\"http:\/\/www.welonimuszka.pl\/wp-content\/uploads\/2014\/09\/fotograf-slubny-wroclaw-rafal-fronczek-40.jpg\" width=\"532\" srcset=\"http:\/\/www.welonimuszka.pl\/wp-content\/uploads\/2014\/09\/fotograf-slubny-wroclaw-rafal-fronczek-40.jpg 800w, http:\/\/www.welonimuszka.pl\/wp-content\/uploads\/2014\/09\/fotograf-slubny-wroclaw-rafal-fronczek-40-300x199.jpg 300w\" sizes=\"(max-width: 800px) 100vw, 800px\" \/><\/a><a href=\"http:\/\/www.welonimuszka.pl\/wp-content\/uploads\/2014\/09\/fotograf-slubny-wroclaw-rafal-fronczek-45.jpg\"><img decoding=\"async\" class=\"alignnone size-full wp-image-24510\" alt=\"fotograf-slubny-wroclaw-rafal-fronczek (45)\" src=\"http:\/\/www.welonimuszka.pl\/wp-content\/uploads\/2014\/09\/fotograf-slubny-wroclaw-rafal-fronczek-45.jpg\" width=\"532\" srcset=\"http:\/\/www.welonimuszka.pl\/wp-content\/uploads\/2014\/09\/fotograf-slubny-wroclaw-rafal-fronczek-45.jpg 800w, http:\/\/www.welonimuszka.pl\/wp-content\/uploads\/2014\/09\/fotograf-slubny-wroclaw-rafal-fronczek-45-300x199.jpg 300w\" sizes=\"(max-width: 800px) 100vw, 800px\" \/><\/a><a href=\"http:\/\/www.welonimuszka.pl\/wp-content\/uploads\/2014\/09\/fotograf-slubny-wroclaw-rafal-fronczek-53.jpg\"><img decoding=\"async\" class=\"alignnone size-full wp-image-24533\" alt=\"fotograf-slubny-wroclaw-rafal-fronczek (53)\" src=\"http:\/\/www.welonimuszka.pl\/wp-content\/uploads\/2014\/09\/fotograf-slubny-wroclaw-rafal-fronczek-53.jpg\" width=\"532\" srcset=\"http:\/\/www.welonimuszka.pl\/wp-content\/uploads\/2014\/09\/fotograf-slubny-wroclaw-rafal-fronczek-53.jpg 800w, http:\/\/www.welonimuszka.pl\/wp-content\/uploads\/2014\/09\/fotograf-slubny-wroclaw-rafal-fronczek-53-300x199.jpg 300w\" sizes=\"(max-width: 800px) 100vw, 800px\" \/><\/a> <a href=\"http:\/\/www.welonimuszka.pl\/wp-content\/uploads\/2014\/09\/fotograf-slubny-wroclaw-rafal-fronczek-42.jpg\"><img decoding=\"async\" class=\"alignnone size-full wp-image-24532\" alt=\"fotograf-slubny-wroclaw-rafal-fronczek (42)\" src=\"http:\/\/www.welonimuszka.pl\/wp-content\/uploads\/2014\/09\/fotograf-slubny-wroclaw-rafal-fronczek-42.jpg\" width=\"532\" srcset=\"http:\/\/www.welonimuszka.pl\/wp-content\/uploads\/2014\/09\/fotograf-slubny-wroclaw-rafal-fronczek-42.jpg 800w, http:\/\/www.welonimuszka.pl\/wp-content\/uploads\/2014\/09\/fotograf-slubny-wroclaw-rafal-fronczek-42-300x199.jpg 300w\" sizes=\"(max-width: 800px) 100vw, 800px\" \/><\/a>\u00a0\u00a0\u00a0\u00a0\u00a0\u00a0\u00a0 <a href=\"http:\/\/www.welonimuszka.pl\/wp-content\/uploads\/2014\/09\/fotograf-slubny-wroclaw-rafal-fronczek-52.jpg\"><img decoding=\"async\" class=\"alignnone size-full wp-image-24524\" alt=\"fotograf-slubny-wroclaw-rafal-fronczek (52)\" src=\"http:\/\/www.welonimuszka.pl\/wp-content\/uploads\/2014\/09\/fotograf-slubny-wroclaw-rafal-fronczek-52.jpg\" width=\"532\" srcset=\"http:\/\/www.welonimuszka.pl\/wp-content\/uploads\/2014\/09\/fotograf-slubny-wroclaw-rafal-fronczek-52.jpg 800w, http:\/\/www.welonimuszka.pl\/wp-content\/uploads\/2014\/09\/fotograf-slubny-wroclaw-rafal-fronczek-52-300x199.jpg 300w\" sizes=\"(max-width: 800px) 100vw, 800px\" \/><\/a> <a href=\"http:\/\/www.welonimuszka.pl\/wp-content\/uploads\/2014\/09\/fotograf-slubny-wroclaw-rafal-fronczek-41.jpg\"><img decoding=\"async\" class=\"alignnone size-full wp-image-24523\" alt=\"fotograf-slubny-wroclaw-rafal-fronczek (41)\" src=\"http:\/\/www.welonimuszka.pl\/wp-content\/uploads\/2014\/09\/fotograf-slubny-wroclaw-rafal-fronczek-41.jpg\" width=\"532\" srcset=\"http:\/\/www.welonimuszka.pl\/wp-content\/uploads\/2014\/09\/fotograf-slubny-wroclaw-rafal-fronczek-41.jpg 800w, http:\/\/www.welonimuszka.pl\/wp-content\/uploads\/2014\/09\/fotograf-slubny-wroclaw-rafal-fronczek-41-300x199.jpg 300w\" sizes=\"(max-width: 800px) 100vw, 800px\" \/><\/a>\u00a0 <a href=\"http:\/\/www.welonimuszka.pl\/wp-content\/uploads\/2014\/09\/fotograf-slubny-wroclaw-rafal-fronczek-43.jpg\"><img decoding=\"async\" class=\"alignnone size-full wp-image-24537\" alt=\"fotograf-slubny-wroclaw-rafal-fronczek (43)\" src=\"http:\/\/www.welonimuszka.pl\/wp-content\/uploads\/2014\/09\/fotograf-slubny-wroclaw-rafal-fronczek-43.jpg\" width=\"532\" srcset=\"http:\/\/www.welonimuszka.pl\/wp-content\/uploads\/2014\/09\/fotograf-slubny-wroclaw-rafal-fronczek-43.jpg 800w, http:\/\/www.welonimuszka.pl\/wp-content\/uploads\/2014\/09\/fotograf-slubny-wroclaw-rafal-fronczek-43-300x199.jpg 300w\" sizes=\"(max-width: 800px) 100vw, 800px\" \/><\/a><a href=\"http:\/\/www.welonimuszka.pl\/wp-content\/uploads\/2014\/09\/fotograf-slubny-wroclaw-rafal-fronczek-54.jpg\"><img decoding=\"async\" class=\"alignnone size-full wp-image-24538\" alt=\"fotograf-slubny-wroclaw-rafal-fronczek (54)\" src=\"http:\/\/www.welonimuszka.pl\/wp-content\/uploads\/2014\/09\/fotograf-slubny-wroclaw-rafal-fronczek-54.jpg\" width=\"532\" srcset=\"http:\/\/www.welonimuszka.pl\/wp-content\/uploads\/2014\/09\/fotograf-slubny-wroclaw-rafal-fronczek-54.jpg 800w, http:\/\/www.welonimuszka.pl\/wp-content\/uploads\/2014\/09\/fotograf-slubny-wroclaw-rafal-fronczek-54-300x199.jpg 300w\" sizes=\"(max-width: 800px) 100vw, 800px\" \/><\/a>\u00a0\u00a0\u00a0\u00a0\u00a0\u00a0\u00a0\u00a0 <a href=\"http:\/\/www.welonimuszka.pl\/wp-content\/uploads\/2014\/09\/fotograf-slubny-wroclaw-rafal-fronczek-48.jpg\"><img decoding=\"async\" class=\"alignnone size-full wp-image-24512\" alt=\"fotograf-slubny-wroclaw-rafal-fronczek (48)\" src=\"http:\/\/www.welonimuszka.pl\/wp-content\/uploads\/2014\/09\/fotograf-slubny-wroclaw-rafal-fronczek-48.jpg\" width=\"532\" srcset=\"http:\/\/www.welonimuszka.pl\/wp-content\/uploads\/2014\/09\/fotograf-slubny-wroclaw-rafal-fronczek-48.jpg 800w, http:\/\/www.welonimuszka.pl\/wp-content\/uploads\/2014\/09\/fotograf-slubny-wroclaw-rafal-fronczek-48-300x199.jpg 300w\" sizes=\"(max-width: 800px) 100vw, 800px\" \/><\/a>\u00a0\u00a0\u00a0 <a href=\"http:\/\/www.welonimuszka.pl\/wp-content\/uploads\/2014\/09\/fotograf-slubny-wroclaw-rafal-fronczek-50.jpg\"><img decoding=\"async\" class=\"alignnone size-full wp-image-24520\" alt=\"fotograf-slubny-wroclaw-rafal-fronczek (50)\" src=\"http:\/\/www.welonimuszka.pl\/wp-content\/uploads\/2014\/09\/fotograf-slubny-wroclaw-rafal-fronczek-50.jpg\" width=\"532\" srcset=\"http:\/\/www.welonimuszka.pl\/wp-content\/uploads\/2014\/09\/fotograf-slubny-wroclaw-rafal-fronczek-50.jpg 800w, http:\/\/www.welonimuszka.pl\/wp-content\/uploads\/2014\/09\/fotograf-slubny-wroclaw-rafal-fronczek-50-300x199.jpg 300w\" sizes=\"(max-width: 800px) 100vw, 800px\" \/><\/a><a href=\"http:\/\/www.welonimuszka.pl\/wp-content\/uploads\/2014\/09\/fotograf-slubny-wroclaw-rafal-fronczek-49.jpg\"><img loading=\"lazy\" decoding=\"async\" class=\"alignnone size-full wp-image-24519\" alt=\"fotograf-slubny-wroclaw-rafal-fronczek (49)\" src=\"http:\/\/www.welonimuszka.pl\/wp-content\/uploads\/2014\/09\/fotograf-slubny-wroclaw-rafal-fronczek-49.jpg\" width=\"532\" height=\"800\" srcset=\"http:\/\/www.welonimuszka.pl\/wp-content\/uploads\/2014\/09\/fotograf-slubny-wroclaw-rafal-fronczek-49.jpg 532w, http:\/\/www.welonimuszka.pl\/wp-content\/uploads\/2014\/09\/fotograf-slubny-wroclaw-rafal-fronczek-49-199x300.jpg 199w\" sizes=\"auto, (max-width: 532px) 100vw, 532px\" \/><\/a><\/p>\n","protected":false},"excerpt":{"rendered":"<p>Dorota &#038; Mateusz cz. 1<\/p>\n","protected":false},"author":2,"featured_media":24519,"comment_status":"closed","ping_status":"closed","sticky":false,"template":"","format":"standard","meta":{"_et_pb_use_builder":"","_et_pb_old_content":"","_et_gb_content_width":"","footnotes":""},"categories":[8,146,361],"tags":[],"class_list":["post-24506","post","type-post","status-publish","format-standard","has-post-thumbnail","hentry","category-ceremonia","category-fotograf-ceremonia","category-w-realu"],"_links":{"self":[{"href":"http:\/\/www.welonimuszka.pl\/index.php?rest_route=\/wp\/v2\/posts\/24506","targetHints":{"allow":["GET"]}}],"collection":[{"href":"http:\/\/www.welonimuszka.pl\/index.php?rest_route=\/wp\/v2\/posts"}],"about":[{"href":"http:\/\/www.welonimuszka.pl\/index.php?rest_route=\/wp\/v2\/types\/post"}],"author":[{"embeddable":true,"href":"http:\/\/www.welonimuszka.pl\/index.php?rest_route=\/wp\/v2\/users\/2"}],"replies":[{"embeddable":true,"href":"http:\/\/www.welonimuszka.pl\/index.php?rest_route=%2Fwp%2Fv2%2Fcomments&post=24506"}],"version-history":[{"count":9,"href":"http:\/\/www.welonimuszka.pl\/index.php?rest_route=\/wp\/v2\/posts\/24506\/revisions"}],"predecessor-version":[{"id":24560,"href":"http:\/\/www.welonimuszka.pl\/index.php?rest_route=\/wp\/v2\/posts\/24506\/revisions\/24560"}],"wp:featuredmedia":[{"embeddable":true,"href":"http:\/\/www.welonimuszka.pl\/index.php?rest_route=\/wp\/v2\/media\/24519"}],"wp:attachment":[{"href":"http:\/\/www.welonimuszka.pl\/index.php?rest_route=%2Fwp%2Fv2%2Fmedia&parent=24506"}],"wp:term":[{"taxonomy":"category","embeddable":true,"href":"http:\/\/www.welonimuszka.pl\/index.php?rest_route=%2Fwp%2Fv2%2Fcategories&post=24506"},{"taxonomy":"post_tag","embeddable":true,"href":"http:\/\/www.welonimuszka.pl\/index.php?rest_route=%2Fwp%2Fv2%2Ftags&post=24506"}],"curies":[{"name":"wp","href":"https:\/\/api.w.org\/{rel}","templated":true}]}}