{"id":23746,"date":"2013-09-17T20:01:11","date_gmt":"2013-09-17T18:01:11","guid":{"rendered":"http:\/\/www.welonimuszka.pl\/?p=23746"},"modified":"2016-09-15T22:03:42","modified_gmt":"2016-09-15T20:03:42","slug":"granat-i-gipsowka","status":"publish","type":"post","link":"http:\/\/www.welonimuszka.pl\/?p=23746","title":{"rendered":"Granat i gips\u00f3wka&#8230;"},"content":{"rendered":"<h2>&#8230;czyli Justyna &amp; Radek m\u00f3wi\u0105 \u201eTak!\u201d<\/h2>\n<p>Dzi\u015b cudowna realizacja Your Perfect Wedding dla Justyny i Radka, pary, kt\u00f3ra na miejsce swojego przyj\u0119cia wybra\u0142a nowo otwart\u0105 restauracj\u0119. Niestety kilkukrotne zmiany managera, a w zwi\u0105zku z tym ponowne negocjacje dawno zawartej umowy sprawi\u0142y, \u017ce do ostatniego momentu nie by\u0142o pewne czy wszystko si\u0119 uda zorganizowa\u0107 zgodnie z marzeniem Pary M\u0142odej.<\/p>\n<p>Justyna i Radek pragn\u0119li, aby ich przyjecie by\u0142o eleganckie, utrzymane w granatowej stylistyce. Panna M\u0142oda ju\u017c na pierwszym spotkaniu z florystk\u0105 Kasi\u0105 zdecydowa\u0142a si\u0119 na pi\u0119kny bukiet z samej gips\u00f3wki wyko\u0144czony granatow\u0105 wst\u0105\u017ck\u0105. Uzupe\u0142nieniem bukietu Justyny by\u0142a butonierka Pana M\u0142odego, do kt\u00f3rej zosta\u0142 przyszyty ma\u0142y guziczek.<\/p>\n<p>Delikatne i eleganckie kompozycje z gips\u00f3wki kr\u00f3lowa\u0142y tak\u017ce na sto\u0142ach go\u015bci oraz zosta\u0142y podwieszone pod sufitem w formie kulek. Dzi\u0119ki temu prostemu zabiegowi restauracja prezentowa\u0142a si\u0119 bardzo gustownie.<\/p>\n<p>Na uwag\u0119 zas\u0142uguje tak\u017ce cudowna suknia Justyny, b\u0119d\u0105ca w 100% jej autorskim pomys\u0142em. Justyna wygl\u0105da\u0142a wspaniale, a ochom i achom nie by\u0142o ko\u0144ca!<\/p>\n<p>Mimo pocz\u0105tkowych obaw, ca\u0142e przyjecie przebieg\u0142o bez najmniejszych zak\u0142\u00f3ce\u0144. Para M\u0142oda zaprezentowa\u0142a go\u015bciom przepi\u0119kny pierwszy taniec, a zaraz potem rozpocz\u0119\u0142a si\u0119 szalona noc pe\u0142na pozytywnych wzrusze\u0144 i dobrej zabawy.<\/p>\n<p><em>Realizacja: Katarzyna Burzy\u0144ska-Fastyn &#8211; Your Perfect Wedding<\/em><br \/>\n<em>Zdj\u0119cia: Tomasz Podg\u00f3rski &#8211; <a href=\"http:\/\/www.tomaszpodgorski.com\" target=\"_blank\">www.tomaszpodgorski.com<\/a><\/em><\/p>\n<p><a href=\"http:\/\/www.welonimuszka.pl\/wp-content\/uploads\/2013\/09\/1-fot.-Tomasz-Podgo\u0301rski.jpg\"><img loading=\"lazy\" decoding=\"async\" class=\"alignnone size-full wp-image-23749\" src=\"http:\/\/www.welonimuszka.pl\/wp-content\/uploads\/2013\/09\/1-fot.-Tomasz-Podgo\u0301rski.jpg\" alt=\"1, fot. Tomasz Podgo\u0301rski\" width=\"600\" height=\"451\" srcset=\"http:\/\/www.welonimuszka.pl\/wp-content\/uploads\/2013\/09\/1-fot.-Tomasz-Podgo\u0301rski.jpg 600w, http:\/\/www.welonimuszka.pl\/wp-content\/uploads\/2013\/09\/1-fot.-Tomasz-Podgo\u0301rski-300x225.jpg 300w\" sizes=\"auto, (max-width: 600px) 100vw, 600px\" \/><\/a> <a href=\"http:\/\/www.welonimuszka.pl\/wp-content\/uploads\/2013\/09\/2-fot.-Tomasz-Podgo\u0301rski.jpg\"><img loading=\"lazy\" decoding=\"async\" class=\"alignnone size-full wp-image-23750\" src=\"http:\/\/www.welonimuszka.pl\/wp-content\/uploads\/2013\/09\/2-fot.-Tomasz-Podgo\u0301rski.jpg\" alt=\"2, fot. Tomasz Podgo\u0301rski\" width=\"600\" height=\"400\" srcset=\"http:\/\/www.welonimuszka.pl\/wp-content\/uploads\/2013\/09\/2-fot.-Tomasz-Podgo\u0301rski.jpg 600w, http:\/\/www.welonimuszka.pl\/wp-content\/uploads\/2013\/09\/2-fot.-Tomasz-Podgo\u0301rski-300x200.jpg 300w\" sizes=\"auto, (max-width: 600px) 100vw, 600px\" \/><\/a> <a href=\"http:\/\/www.welonimuszka.pl\/wp-content\/uploads\/2013\/09\/3-fot.-Tomasz-Podgo\u0301rski.jpg\"><img loading=\"lazy\" decoding=\"async\" class=\"alignnone size-full wp-image-23751\" src=\"http:\/\/www.welonimuszka.pl\/wp-content\/uploads\/2013\/09\/3-fot.-Tomasz-Podgo\u0301rski.jpg\" alt=\"3, fot. Tomasz Podgo\u0301rski\" width=\"600\" height=\"400\" srcset=\"http:\/\/www.welonimuszka.pl\/wp-content\/uploads\/2013\/09\/3-fot.-Tomasz-Podgo\u0301rski.jpg 600w, http:\/\/www.welonimuszka.pl\/wp-content\/uploads\/2013\/09\/3-fot.-Tomasz-Podgo\u0301rski-300x200.jpg 300w\" sizes=\"auto, (max-width: 600px) 100vw, 600px\" \/><\/a> <a href=\"http:\/\/www.welonimuszka.pl\/wp-content\/uploads\/2013\/09\/4-fot.-Tomasz-Podgo\u0301rski.jpg\"><img loading=\"lazy\" decoding=\"async\" class=\"alignnone size-full wp-image-23752\" src=\"http:\/\/www.welonimuszka.pl\/wp-content\/uploads\/2013\/09\/4-fot.-Tomasz-Podgo\u0301rski.jpg\" alt=\"4, fot. Tomasz Podgo\u0301rski\" width=\"600\" height=\"400\" srcset=\"http:\/\/www.welonimuszka.pl\/wp-content\/uploads\/2013\/09\/4-fot.-Tomasz-Podgo\u0301rski.jpg 600w, http:\/\/www.welonimuszka.pl\/wp-content\/uploads\/2013\/09\/4-fot.-Tomasz-Podgo\u0301rski-300x200.jpg 300w\" sizes=\"auto, (max-width: 600px) 100vw, 600px\" \/><\/a> <a href=\"http:\/\/www.welonimuszka.pl\/wp-content\/uploads\/2013\/09\/5-fot.-Tomasz-Podgo\u0301rski.jpg\"><img loading=\"lazy\" decoding=\"async\" class=\"alignnone size-full wp-image-23753\" src=\"http:\/\/www.welonimuszka.pl\/wp-content\/uploads\/2013\/09\/5-fot.-Tomasz-Podgo\u0301rski.jpg\" alt=\"5, fot. Tomasz Podgo\u0301rski\" width=\"600\" height=\"400\" srcset=\"http:\/\/www.welonimuszka.pl\/wp-content\/uploads\/2013\/09\/5-fot.-Tomasz-Podgo\u0301rski.jpg 600w, http:\/\/www.welonimuszka.pl\/wp-content\/uploads\/2013\/09\/5-fot.-Tomasz-Podgo\u0301rski-300x200.jpg 300w\" sizes=\"auto, (max-width: 600px) 100vw, 600px\" \/><\/a> <a href=\"http:\/\/www.welonimuszka.pl\/wp-content\/uploads\/2013\/09\/6-fot.-Tomasz-Podgo\u0301rski.jpg\"><img loading=\"lazy\" decoding=\"async\" class=\"alignnone size-full wp-image-23754\" src=\"http:\/\/www.welonimuszka.pl\/wp-content\/uploads\/2013\/09\/6-fot.-Tomasz-Podgo\u0301rski.jpg\" alt=\"6, fot. Tomasz Podgo\u0301rski\" width=\"600\" height=\"400\" srcset=\"http:\/\/www.welonimuszka.pl\/wp-content\/uploads\/2013\/09\/6-fot.-Tomasz-Podgo\u0301rski.jpg 600w, http:\/\/www.welonimuszka.pl\/wp-content\/uploads\/2013\/09\/6-fot.-Tomasz-Podgo\u0301rski-300x200.jpg 300w\" sizes=\"auto, (max-width: 600px) 100vw, 600px\" \/><\/a> <a href=\"http:\/\/www.welonimuszka.pl\/wp-content\/uploads\/2013\/09\/7-fot.-Tomasz-Podgo\u0301rski.jpg\"><img loading=\"lazy\" decoding=\"async\" class=\"alignnone size-full wp-image-23755\" src=\"http:\/\/www.welonimuszka.pl\/wp-content\/uploads\/2013\/09\/7-fot.-Tomasz-Podgo\u0301rski.jpg\" alt=\"7, fot. Tomasz Podgo\u0301rski\" width=\"600\" height=\"400\" srcset=\"http:\/\/www.welonimuszka.pl\/wp-content\/uploads\/2013\/09\/7-fot.-Tomasz-Podgo\u0301rski.jpg 600w, http:\/\/www.welonimuszka.pl\/wp-content\/uploads\/2013\/09\/7-fot.-Tomasz-Podgo\u0301rski-300x200.jpg 300w\" sizes=\"auto, (max-width: 600px) 100vw, 600px\" \/><\/a> <a href=\"http:\/\/www.welonimuszka.pl\/wp-content\/uploads\/2013\/09\/8-fot.-Tomasz-Podgo\u0301rski.jpg\"><img loading=\"lazy\" decoding=\"async\" class=\"alignnone size-full wp-image-23756\" src=\"http:\/\/www.welonimuszka.pl\/wp-content\/uploads\/2013\/09\/8-fot.-Tomasz-Podgo\u0301rski.jpg\" alt=\"8, fot. Tomasz Podgo\u0301rski\" width=\"600\" height=\"398\" srcset=\"http:\/\/www.welonimuszka.pl\/wp-content\/uploads\/2013\/09\/8-fot.-Tomasz-Podgo\u0301rski.jpg 600w, http:\/\/www.welonimuszka.pl\/wp-content\/uploads\/2013\/09\/8-fot.-Tomasz-Podgo\u0301rski-300x199.jpg 300w\" sizes=\"auto, (max-width: 600px) 100vw, 600px\" \/><\/a> <a href=\"http:\/\/www.welonimuszka.pl\/wp-content\/uploads\/2013\/09\/9-fot.-Tomasz-Podgo\u0301rski.jpg\"><img loading=\"lazy\" decoding=\"async\" class=\"alignnone size-full wp-image-23757\" src=\"http:\/\/www.welonimuszka.pl\/wp-content\/uploads\/2013\/09\/9-fot.-Tomasz-Podgo\u0301rski.jpg\" alt=\"9, fot. Tomasz Podgo\u0301rski\" width=\"600\" height=\"400\" srcset=\"http:\/\/www.welonimuszka.pl\/wp-content\/uploads\/2013\/09\/9-fot.-Tomasz-Podgo\u0301rski.jpg 600w, http:\/\/www.welonimuszka.pl\/wp-content\/uploads\/2013\/09\/9-fot.-Tomasz-Podgo\u0301rski-300x200.jpg 300w\" sizes=\"auto, (max-width: 600px) 100vw, 600px\" \/><\/a> <a href=\"http:\/\/www.welonimuszka.pl\/wp-content\/uploads\/2013\/09\/10-fot.-Tomasz-Podgo\u0301rski.jpg\"><img loading=\"lazy\" decoding=\"async\" class=\"alignnone size-full wp-image-23758\" src=\"http:\/\/www.welonimuszka.pl\/wp-content\/uploads\/2013\/09\/10-fot.-Tomasz-Podgo\u0301rski.jpg\" alt=\"10, fot. Tomasz Podgo\u0301rski\" width=\"600\" height=\"400\" srcset=\"http:\/\/www.welonimuszka.pl\/wp-content\/uploads\/2013\/09\/10-fot.-Tomasz-Podgo\u0301rski.jpg 600w, http:\/\/www.welonimuszka.pl\/wp-content\/uploads\/2013\/09\/10-fot.-Tomasz-Podgo\u0301rski-300x200.jpg 300w\" sizes=\"auto, (max-width: 600px) 100vw, 600px\" \/><\/a><\/p>\n","protected":false},"excerpt":{"rendered":"<p>&#8230; czyli Justyna &#038; Radek m\u00f3wi\u0105 \u201eTak!\u201d<\/p>\n","protected":false},"author":2,"featured_media":23853,"comment_status":"closed","ping_status":"closed","sticky":false,"template":"","format":"standard","meta":{"_et_pb_use_builder":"","_et_pb_old_content":"","_et_gb_content_width":"","footnotes":""},"categories":[410,402,361,411],"tags":[],"class_list":["post-23746","post","type-post","status-publish","format-standard","has-post-thumbnail","hentry","category-agencja-slubna","category-bukiet","category-w-realu","category-your-perfect-wedding"],"_links":{"self":[{"href":"http:\/\/www.welonimuszka.pl\/index.php?rest_route=\/wp\/v2\/posts\/23746","targetHints":{"allow":["GET"]}}],"collection":[{"href":"http:\/\/www.welonimuszka.pl\/index.php?rest_route=\/wp\/v2\/posts"}],"about":[{"href":"http:\/\/www.welonimuszka.pl\/index.php?rest_route=\/wp\/v2\/types\/post"}],"author":[{"embeddable":true,"href":"http:\/\/www.welonimuszka.pl\/index.php?rest_route=\/wp\/v2\/users\/2"}],"replies":[{"embeddable":true,"href":"http:\/\/www.welonimuszka.pl\/index.php?rest_route=%2Fwp%2Fv2%2Fcomments&post=23746"}],"version-history":[{"count":8,"href":"http:\/\/www.welonimuszka.pl\/index.php?rest_route=\/wp\/v2\/posts\/23746\/revisions"}],"predecessor-version":[{"id":25313,"href":"http:\/\/www.welonimuszka.pl\/index.php?rest_route=\/wp\/v2\/posts\/23746\/revisions\/25313"}],"wp:featuredmedia":[{"embeddable":true,"href":"http:\/\/www.welonimuszka.pl\/index.php?rest_route=\/wp\/v2\/media\/23853"}],"wp:attachment":[{"href":"http:\/\/www.welonimuszka.pl\/index.php?rest_route=%2Fwp%2Fv2%2Fmedia&parent=23746"}],"wp:term":[{"taxonomy":"category","embeddable":true,"href":"http:\/\/www.welonimuszka.pl\/index.php?rest_route=%2Fwp%2Fv2%2Fcategories&post=23746"},{"taxonomy":"post_tag","embeddable":true,"href":"http:\/\/www.welonimuszka.pl\/index.php?rest_route=%2Fwp%2Fv2%2Ftags&post=23746"}],"curies":[{"name":"wp","href":"https:\/\/api.w.org\/{rel}","templated":true}]}}