{"id":11531,"date":"2012-10-31T06:19:59","date_gmt":"2012-10-31T05:19:59","guid":{"rendered":"http:\/\/www.welonimuszka.pl\/?p=11531"},"modified":"2014-10-19T22:07:11","modified_gmt":"2014-10-19T20:07:11","slug":"w-lunaparku","status":"publish","type":"post","link":"http:\/\/www.welonimuszka.pl\/?p=11531","title":{"rendered":"W lunaparku"},"content":{"rendered":"<p>To kolejna z wielu imprez w cyrkowych klimatach, kt\u00f3re s\u0105 jednym z najbardziej popularnych weselnych motyw\u00f3w przewodnich. Trzeba jednak przyzna\u0107, \u017ce sala ozdobiona kolorowymi lampionami wygl\u0105da naprawd\u0119\u00a0pi\u0119knie. Dzi\u015b zapraszamy was do weso\u0142ego miasteczka.<\/p>\n<p><img loading=\"lazy\" decoding=\"async\" class=\"aligncenter size-full wp-image-11532\" title=\"cyrk1\" src=\"http:\/\/www.welonimuszka.pl\/wp-content\/uploads\/2011\/10\/cyrk1.jpg\" alt=\"\" width=\"590\" height=\"560\" srcset=\"http:\/\/www.welonimuszka.pl\/wp-content\/uploads\/2011\/10\/cyrk1.jpg 590w, http:\/\/www.welonimuszka.pl\/wp-content\/uploads\/2011\/10\/cyrk1-300x284.jpg 300w, http:\/\/www.welonimuszka.pl\/wp-content\/uploads\/2011\/10\/cyrk1-68x65.jpg 68w\" sizes=\"auto, (max-width: 590px) 100vw, 590px\" \/><img loading=\"lazy\" decoding=\"async\" class=\"aligncenter size-full wp-image-11533\" title=\"cyrk2\" src=\"http:\/\/www.welonimuszka.pl\/wp-content\/uploads\/2011\/10\/cyrk2.jpg\" alt=\"\" width=\"590\" height=\"430\" srcset=\"http:\/\/www.welonimuszka.pl\/wp-content\/uploads\/2011\/10\/cyrk2.jpg 590w, http:\/\/www.welonimuszka.pl\/wp-content\/uploads\/2011\/10\/cyrk2-300x218.jpg 300w, http:\/\/www.welonimuszka.pl\/wp-content\/uploads\/2011\/10\/cyrk2-89x65.jpg 89w\" sizes=\"auto, (max-width: 590px) 100vw, 590px\" \/><img loading=\"lazy\" decoding=\"async\" class=\"aligncenter size-full wp-image-11534\" title=\"cyrk3\" src=\"http:\/\/www.welonimuszka.pl\/wp-content\/uploads\/2011\/10\/cyrk3.jpg\" alt=\"\" width=\"590\" height=\"805\" srcset=\"http:\/\/www.welonimuszka.pl\/wp-content\/uploads\/2011\/10\/cyrk3.jpg 590w, http:\/\/www.welonimuszka.pl\/wp-content\/uploads\/2011\/10\/cyrk3-219x300.jpg 219w, http:\/\/www.welonimuszka.pl\/wp-content\/uploads\/2011\/10\/cyrk3-47x65.jpg 47w\" sizes=\"auto, (max-width: 590px) 100vw, 590px\" \/><img loading=\"lazy\" decoding=\"async\" class=\"aligncenter size-full wp-image-11535\" title=\"cyrk4\" src=\"http:\/\/www.welonimuszka.pl\/wp-content\/uploads\/2011\/10\/cyrk4.jpg\" alt=\"\" width=\"590\" height=\"805\" srcset=\"http:\/\/www.welonimuszka.pl\/wp-content\/uploads\/2011\/10\/cyrk4.jpg 590w, http:\/\/www.welonimuszka.pl\/wp-content\/uploads\/2011\/10\/cyrk4-219x300.jpg 219w, http:\/\/www.welonimuszka.pl\/wp-content\/uploads\/2011\/10\/cyrk4-47x65.jpg 47w\" sizes=\"auto, (max-width: 590px) 100vw, 590px\" \/><img loading=\"lazy\" decoding=\"async\" class=\"aligncenter size-full wp-image-11536\" title=\"cyrk5\" src=\"http:\/\/www.welonimuszka.pl\/wp-content\/uploads\/2011\/10\/cyrk5.jpg\" alt=\"\" width=\"590\" height=\"805\" srcset=\"http:\/\/www.welonimuszka.pl\/wp-content\/uploads\/2011\/10\/cyrk5.jpg 590w, http:\/\/www.welonimuszka.pl\/wp-content\/uploads\/2011\/10\/cyrk5-219x300.jpg 219w, http:\/\/www.welonimuszka.pl\/wp-content\/uploads\/2011\/10\/cyrk5-47x65.jpg 47w\" sizes=\"auto, (max-width: 590px) 100vw, 590px\" \/>Fotografie: kateheadley.net<\/p>\n","protected":false},"excerpt":{"rendered":"<p>Rado\u015bnie i kolorowo<\/p>\n","protected":false},"author":12,"featured_media":11538,"comment_status":"closed","ping_status":"closed","sticky":false,"template":"","format":"standard","meta":{"_et_pb_use_builder":"","_et_pb_old_content":"","_et_gb_content_width":"","footnotes":""},"categories":[8,36,146,9,154],"tags":[39,217,377,73,18],"class_list":["post-11531","post","type-post","status-publish","format-standard","has-post-thumbnail","hentry","category-ceremonia","category-dekoracje-2","category-fotograf-ceremonia","category-inspiracje","category-motyw-przewodni","tag-czerwony","tag-pomaranczowy","tag-turkusowy","tag-zielony","tag-zolty"],"_links":{"self":[{"href":"http:\/\/www.welonimuszka.pl\/index.php?rest_route=\/wp\/v2\/posts\/11531","targetHints":{"allow":["GET"]}}],"collection":[{"href":"http:\/\/www.welonimuszka.pl\/index.php?rest_route=\/wp\/v2\/posts"}],"about":[{"href":"http:\/\/www.welonimuszka.pl\/index.php?rest_route=\/wp\/v2\/types\/post"}],"author":[{"embeddable":true,"href":"http:\/\/www.welonimuszka.pl\/index.php?rest_route=\/wp\/v2\/users\/12"}],"replies":[{"embeddable":true,"href":"http:\/\/www.welonimuszka.pl\/index.php?rest_route=%2Fwp%2Fv2%2Fcomments&post=11531"}],"version-history":[{"count":5,"href":"http:\/\/www.welonimuszka.pl\/index.php?rest_route=\/wp\/v2\/posts\/11531\/revisions"}],"predecessor-version":[{"id":19073,"href":"http:\/\/www.welonimuszka.pl\/index.php?rest_route=\/wp\/v2\/posts\/11531\/revisions\/19073"}],"wp:featuredmedia":[{"embeddable":true,"href":"http:\/\/www.welonimuszka.pl\/index.php?rest_route=\/wp\/v2\/media\/11538"}],"wp:attachment":[{"href":"http:\/\/www.welonimuszka.pl\/index.php?rest_route=%2Fwp%2Fv2%2Fmedia&parent=11531"}],"wp:term":[{"taxonomy":"category","embeddable":true,"href":"http:\/\/www.welonimuszka.pl\/index.php?rest_route=%2Fwp%2Fv2%2Fcategories&post=11531"},{"taxonomy":"post_tag","embeddable":true,"href":"http:\/\/www.welonimuszka.pl\/index.php?rest_route=%2Fwp%2Fv2%2Ftags&post=11531"}],"curies":[{"name":"wp","href":"https:\/\/api.w.org\/{rel}","templated":true}]}}