{"id":11523,"date":"2011-10-05T08:23:27","date_gmt":"2011-10-05T08:23:27","guid":{"rendered":"http:\/\/www.welonimuszka.pl\/?p=11523"},"modified":"2014-10-19T22:20:05","modified_gmt":"2014-10-19T20:20:05","slug":"organicznie","status":"publish","type":"post","link":"http:\/\/www.welonimuszka.pl\/?p=11523","title":{"rendered":"Organicznie"},"content":{"rendered":"<p>Pi\u0119kna sesja, cudowne dekoracje i wspania\u0142e pastelowe kolory. Prosto i bez przepychu. Nam si\u0119 podoba a co wy my\u015blicie?<\/p>\n<p><img loading=\"lazy\" decoding=\"async\" class=\"aligncenter size-full wp-image-11524\" title=\"organicznie 1\" src=\"http:\/\/www.welonimuszka.pl\/wp-content\/uploads\/2011\/10\/organicznie-1.jpg\" alt=\"\" width=\"590\" height=\"868\" srcset=\"http:\/\/www.welonimuszka.pl\/wp-content\/uploads\/2011\/10\/organicznie-1.jpg 590w, http:\/\/www.welonimuszka.pl\/wp-content\/uploads\/2011\/10\/organicznie-1-203x300.jpg 203w, http:\/\/www.welonimuszka.pl\/wp-content\/uploads\/2011\/10\/organicznie-1-44x65.jpg 44w\" sizes=\"auto, (max-width: 590px) 100vw, 590px\" \/><img loading=\"lazy\" decoding=\"async\" class=\"aligncenter size-full wp-image-11525\" title=\"organicznie 2\" src=\"http:\/\/www.welonimuszka.pl\/wp-content\/uploads\/2011\/10\/organicznie-2.jpg\" alt=\"\" width=\"590\" height=\"868\" srcset=\"http:\/\/www.welonimuszka.pl\/wp-content\/uploads\/2011\/10\/organicznie-2.jpg 590w, http:\/\/www.welonimuszka.pl\/wp-content\/uploads\/2011\/10\/organicznie-2-203x300.jpg 203w, http:\/\/www.welonimuszka.pl\/wp-content\/uploads\/2011\/10\/organicznie-2-44x65.jpg 44w\" sizes=\"auto, (max-width: 590px) 100vw, 590px\" \/><img loading=\"lazy\" decoding=\"async\" class=\"aligncenter size-full wp-image-11526\" title=\"organicznie 3\" src=\"http:\/\/www.welonimuszka.pl\/wp-content\/uploads\/2011\/10\/organicznie-3.jpg\" alt=\"\" width=\"590\" height=\"868\" srcset=\"http:\/\/www.welonimuszka.pl\/wp-content\/uploads\/2011\/10\/organicznie-3.jpg 590w, http:\/\/www.welonimuszka.pl\/wp-content\/uploads\/2011\/10\/organicznie-3-203x300.jpg 203w, http:\/\/www.welonimuszka.pl\/wp-content\/uploads\/2011\/10\/organicznie-3-44x65.jpg 44w\" sizes=\"auto, (max-width: 590px) 100vw, 590px\" \/><img loading=\"lazy\" decoding=\"async\" class=\"aligncenter size-full wp-image-11527\" title=\"organicznie 4\" src=\"http:\/\/www.welonimuszka.pl\/wp-content\/uploads\/2011\/10\/organicznie-4.jpg\" alt=\"\" width=\"590\" height=\"868\" srcset=\"http:\/\/www.welonimuszka.pl\/wp-content\/uploads\/2011\/10\/organicznie-4.jpg 590w, http:\/\/www.welonimuszka.pl\/wp-content\/uploads\/2011\/10\/organicznie-4-203x300.jpg 203w, http:\/\/www.welonimuszka.pl\/wp-content\/uploads\/2011\/10\/organicznie-4-44x65.jpg 44w\" sizes=\"auto, (max-width: 590px) 100vw, 590px\" \/><img loading=\"lazy\" decoding=\"async\" class=\"aligncenter size-full wp-image-11528\" title=\"organicznie5\" src=\"http:\/\/www.welonimuszka.pl\/wp-content\/uploads\/2011\/10\/organicznie5.jpg\" alt=\"\" width=\"590\" height=\"868\" srcset=\"http:\/\/www.welonimuszka.pl\/wp-content\/uploads\/2011\/10\/organicznie5.jpg 590w, http:\/\/www.welonimuszka.pl\/wp-content\/uploads\/2011\/10\/organicznie5-203x300.jpg 203w, http:\/\/www.welonimuszka.pl\/wp-content\/uploads\/2011\/10\/organicznie5-44x65.jpg 44w\" sizes=\"auto, (max-width: 590px) 100vw, 590px\" \/>Fotografie: sukrachand.com<\/p>\n","protected":false},"excerpt":{"rendered":"<p>Ziele\u0144, pastele, natura<\/p>\n","protected":false},"author":12,"featured_media":11529,"comment_status":"closed","ping_status":"closed","sticky":false,"template":"","format":"standard","meta":{"_et_pb_use_builder":"","_et_pb_old_content":"","_et_gb_content_width":"","footnotes":""},"categories":[8,36,146],"tags":[73],"class_list":["post-11523","post","type-post","status-publish","format-standard","has-post-thumbnail","hentry","category-ceremonia","category-dekoracje-2","category-fotograf-ceremonia","tag-zielony"],"_links":{"self":[{"href":"http:\/\/www.welonimuszka.pl\/index.php?rest_route=\/wp\/v2\/posts\/11523","targetHints":{"allow":["GET"]}}],"collection":[{"href":"http:\/\/www.welonimuszka.pl\/index.php?rest_route=\/wp\/v2\/posts"}],"about":[{"href":"http:\/\/www.welonimuszka.pl\/index.php?rest_route=\/wp\/v2\/types\/post"}],"author":[{"embeddable":true,"href":"http:\/\/www.welonimuszka.pl\/index.php?rest_route=\/wp\/v2\/users\/12"}],"replies":[{"embeddable":true,"href":"http:\/\/www.welonimuszka.pl\/index.php?rest_route=%2Fwp%2Fv2%2Fcomments&post=11523"}],"version-history":[{"count":2,"href":"http:\/\/www.welonimuszka.pl\/index.php?rest_route=\/wp\/v2\/posts\/11523\/revisions"}],"predecessor-version":[{"id":11659,"href":"http:\/\/www.welonimuszka.pl\/index.php?rest_route=\/wp\/v2\/posts\/11523\/revisions\/11659"}],"wp:featuredmedia":[{"embeddable":true,"href":"http:\/\/www.welonimuszka.pl\/index.php?rest_route=\/wp\/v2\/media\/11529"}],"wp:attachment":[{"href":"http:\/\/www.welonimuszka.pl\/index.php?rest_route=%2Fwp%2Fv2%2Fmedia&parent=11523"}],"wp:term":[{"taxonomy":"category","embeddable":true,"href":"http:\/\/www.welonimuszka.pl\/index.php?rest_route=%2Fwp%2Fv2%2Fcategories&post=11523"},{"taxonomy":"post_tag","embeddable":true,"href":"http:\/\/www.welonimuszka.pl\/index.php?rest_route=%2Fwp%2Fv2%2Ftags&post=11523"}],"curies":[{"name":"wp","href":"https:\/\/api.w.org\/{rel}","templated":true}]}}